{"id":7103,"date":"2024-07-10T16:14:52","date_gmt":"2024-07-10T22:14:52","guid":{"rendered":"https:\/\/zonalimitrofe-cbnr.com\/?p=7103"},"modified":"2024-07-10T16:14:52","modified_gmt":"2024-07-10T22:14:52","slug":"gp-ayuntamiento-de-gp-lleva-acabo-la-rehabilitacion-integral-del-camellon-del-bulevar-el-refugio","status":"publish","type":"post","link":"https:\/\/zonalimitrofe-cbnr.com\/index.php\/2024\/07\/10\/gp-ayuntamiento-de-gp-lleva-acabo-la-rehabilitacion-integral-del-camellon-del-bulevar-el-refugio\/","title":{"rendered":"#GP. Ayuntamiento de GP lleva acabo la rehabilitaci\u00f3n integral del camell\u00f3n del bulevar el Refugio*"},"content":{"rendered":"\n<p>Dentro de los trabajos que actualmente se llevan a cabo en G\u00f3mez Palacio en el marco del hist\u00f3rico programa de pavimentaci\u00f3n y rehabilitaci\u00f3n integral de vialidades del medio urbano y rural, Juan Salazar Reyes, titular de Obras p\u00fablicas, se\u00f1al\u00f3 que en el boulevard el refugio tanto en el carril de acceso como en el de salida fueron aplicados 10 mil 678 metros cuadrados de carpeta asf\u00e1ltica y en casi la mitad de esta superficie se requiri\u00f3 adem\u00e1s de la construcci\u00f3n de la base hidr\u00e1ulica. Este tramo comprende desde el bulevar Ej\u00e9rcito Mexicano hasta la calle Santa Sof\u00eda.<\/p>\n\n\n\n<p>El funcionario detall\u00f3 que por instrucciones de la Presidenta Municipal Leticia Herrera Ale, la direcci\u00f3n de Servicios P\u00fablicos est\u00e1 trabajando en la rehabilitaci\u00f3n integral del camell\u00f3n central de este bulevar.<\/p>\n\n\n\n<p>Por su parte el director de Servicios P\u00fablicos, Fernando D\u00edaz Femath explic\u00f3 que los trabajos del camell\u00f3n incluyen la remoci\u00f3n de tierra contaminada y su reemplazo con grava, as\u00ed como la colocaci\u00f3n de piedra y gravilla roja. As\u00ed como la limpieza en guarniciones, la aplicaci\u00f3n de pintura amarillo tr\u00e1fico y la poda est\u00e9tica.<\/p>\n\n\n\n<p>D\u00edaz Femath finalizo diciendo que todas estas labores en su conjunto cambiar\u00e1n el entorno y mejorar\u00e1n la imagen de este bulevar, dando a esta obra de pavimentaci\u00f3n un car\u00e1cter de integral, pues en poco tiempo se habr\u00e1 transformado el aspecto de esta v\u00eda tan transitada.<\/p>\n","protected":false},"excerpt":{"rendered":"<p>Dentro de los trabajos que actualmente se llevan a cabo en G\u00f3mez Palacio en el marco del hist\u00f3rico programa de pavimentaci\u00f3n y rehabilitaci\u00f3n integral de vialidades del medio urbano y rural, Juan Salazar Reyes, titular de Obras p\u00fablicas, se\u00f1al\u00f3 que en el boulevard el refugio tanto en el carril de acceso como en el de [&hellip;]<\/p>\n","protected":false},"author":1,"featured_media":7104,"comment_status":"open","ping_status":"open","sticky":false,"template":"","format":"standard","meta":{"_monsterinsights_skip_tracking":false,"_monsterinsights_sitenote_active":false,"_monsterinsights_sitenote_note":"","_monsterinsights_sitenote_category":0,"footnotes":""},"categories":[1],"tags":[],"_links":{"self":[{"href":"https:\/\/zonalimitrofe-cbnr.com\/index.php\/wp-json\/wp\/v2\/posts\/7103"}],"collection":[{"href":"https:\/\/zonalimitrofe-cbnr.com\/index.php\/wp-json\/wp\/v2\/posts"}],"about":[{"href":"https:\/\/zonalimitrofe-cbnr.com\/index.php\/wp-json\/wp\/v2\/types\/post"}],"author":[{"embeddable":true,"href":"https:\/\/zonalimitrofe-cbnr.com\/index.php\/wp-json\/wp\/v2\/users\/1"}],"replies":[{"embeddable":true,"href":"https:\/\/zonalimitrofe-cbnr.com\/index.php\/wp-json\/wp\/v2\/comments?post=7103"}],"version-history":[{"count":1,"href":"https:\/\/zonalimitrofe-cbnr.com\/index.php\/wp-json\/wp\/v2\/posts\/7103\/revisions"}],"predecessor-version":[{"id":7105,"href":"https:\/\/zonalimitrofe-cbnr.com\/index.php\/wp-json\/wp\/v2\/posts\/7103\/revisions\/7105"}],"wp:featuredmedia":[{"embeddable":true,"href":"https:\/\/zonalimitrofe-cbnr.com\/index.php\/wp-json\/wp\/v2\/media\/7104"}],"wp:attachment":[{"href":"https:\/\/zonalimitrofe-cbnr.com\/index.php\/wp-json\/wp\/v2\/media?parent=7103"}],"wp:term":[{"taxonomy":"category","embeddable":true,"href":"https:\/\/zonalimitrofe-cbnr.com\/index.php\/wp-json\/wp\/v2\/categories?post=7103"},{"taxonomy":"post_tag","embeddable":true,"href":"https:\/\/zonalimitrofe-cbnr.com\/index.php\/wp-json\/wp\/v2\/tags?post=7103"}],"curies":[{"name":"wp","href":"https:\/\/api.w.org\/{rel}","templated":true}]}}