{"id":7093,"date":"2024-07-10T16:02:37","date_gmt":"2024-07-10T22:02:37","guid":{"rendered":"https:\/\/zonalimitrofe-cbnr.com\/?p=7093"},"modified":"2024-07-10T16:02:37","modified_gmt":"2024-07-10T22:02:37","slug":"lerdo-alcalde-de-lerdo-presente-en-graduaciones","status":"publish","type":"post","link":"https:\/\/zonalimitrofe-cbnr.com\/index.php\/2024\/07\/10\/lerdo-alcalde-de-lerdo-presente-en-graduaciones\/","title":{"rendered":"#Lerdo. ALCALDE DE LERDO, PRESENTE EN GRADUACIONES*"},"content":{"rendered":"\n<p>Lerdo, 10 de julio 2024.- El Presidente Municipal de Lerdo, el Dr. Homero Mart\u00ednez Cabrera, particip\u00f3 como padrino de Graduaci\u00f3n en la Escuela Primaria Jes\u00fas Betancourt del Ejido Seis de Enero y en la Primaria Francisco Villa de la colonia Las Cumbres, donde obsequi\u00f3 a los reci\u00e9n egresados mochilas con \u00fatiles escolares para continuar desarroll\u00e1ndose acad\u00e9micamente.<\/p>\n\n\n\n<p>Homero Mart\u00ednez exhort\u00f3 a la generaci\u00f3n de j\u00f3venes que hoy emprende un nuevo camino rumbo al nivel de secundaria, a no desistir, aprovechar los consejos de los docentes y las nuevas tecnolog\u00edas de la informaci\u00f3n y la comunicaci\u00f3n.<\/p>\n\n\n\n<p>\u201cEste es solamente un escal\u00f3n de los muchos que se requieren. Hoy en d\u00eda, los ni\u00f1os y las ni\u00f1as que se est\u00e1n formando y preparando viven una etapa diferente, con las tecnolog\u00edas de la informaci\u00f3n del mundo globalizado en el que vivimos, requieren prepararse cada d\u00eda m\u00e1s\u201d puntualiz\u00f3.<\/p>\n\n\n\n<p>As\u00ed mismo, reconoci\u00f3 a los profesores, quienes est\u00e1n en la formaci\u00f3n acad\u00e9mica, ya que tienen retos mayores al estar en constante actualizaci\u00f3n y preparaci\u00f3n para forjar personas competitivas. Tambi\u00e9n, celebr\u00f3 el entusiasmo, dedicaci\u00f3n y apoyo de los padres de familia, por impulsar a los ni\u00f1os para continuar con su crecimiento educativo y personal.<\/p>\n\n\n\n<p>Esta ma\u00f1ana, presente en el plantel educativo de la colonia Las Cumbres, el Alcalde de Lerdo recibi\u00f3 un reconocimiento por su valioso apoyo, estar siempre al pendiente de la ni\u00f1ez lerdense, y aceptar apadrinar a la generaci\u00f3n 218- 2024 de la Primaria Francisco Villa. Entregado a manos del director de la instituci\u00f3n, Maestro Zacar\u00edas Alcal\u00e1 Villegas.<\/p>\n\n\n\n<p>En este evento, tambi\u00e9n se cont\u00f3 con la presencia del Supervisor Escolar de la zona 055, Jos\u00e9 Luis Flores S\u00e1nchez, quien reconoci\u00f3 de igual manera, el compromiso del Alcalde con el sector poblacional estudiantil.<\/p>\n\n\n\n<p>En la primaria Jes\u00fas Betancourt, estuvo presente el Profr. Isa\u00ed Ortega en representaci\u00f3n del supervisor escolar de la zona; el Profr. Diego Favela, secretario de organizaci\u00f3n del SNTE secci\u00f3n 35, la directora del plantel; la Profr. Mirna Atienzo; la diputada local Susy Torrecillas; la jefa de cuartel, Simona Alvarado; el comisariado ejidal, Manuel Garc\u00eda; entre otras personalidades del sector educativo.<\/p>\n","protected":false},"excerpt":{"rendered":"<p>Lerdo, 10 de julio 2024.- El Presidente Municipal de Lerdo, el Dr. Homero Mart\u00ednez Cabrera, particip\u00f3 como padrino de Graduaci\u00f3n en la Escuela Primaria Jes\u00fas Betancourt del Ejido Seis de Enero y en la Primaria Francisco Villa de la colonia Las Cumbres, donde obsequi\u00f3 a los reci\u00e9n egresados mochilas con \u00fatiles escolares para continuar desarroll\u00e1ndose [&hellip;]<\/p>\n","protected":false},"author":1,"featured_media":7094,"comment_status":"open","ping_status":"open","sticky":false,"template":"","format":"standard","meta":{"_monsterinsights_skip_tracking":false,"_monsterinsights_sitenote_active":false,"_monsterinsights_sitenote_note":"","_monsterinsights_sitenote_category":0,"footnotes":""},"categories":[1],"tags":[],"_links":{"self":[{"href":"https:\/\/zonalimitrofe-cbnr.com\/index.php\/wp-json\/wp\/v2\/posts\/7093"}],"collection":[{"href":"https:\/\/zonalimitrofe-cbnr.com\/index.php\/wp-json\/wp\/v2\/posts"}],"about":[{"href":"https:\/\/zonalimitrofe-cbnr.com\/index.php\/wp-json\/wp\/v2\/types\/post"}],"author":[{"embeddable":true,"href":"https:\/\/zonalimitrofe-cbnr.com\/index.php\/wp-json\/wp\/v2\/users\/1"}],"replies":[{"embeddable":true,"href":"https:\/\/zonalimitrofe-cbnr.com\/index.php\/wp-json\/wp\/v2\/comments?post=7093"}],"version-history":[{"count":1,"href":"https:\/\/zonalimitrofe-cbnr.com\/index.php\/wp-json\/wp\/v2\/posts\/7093\/revisions"}],"predecessor-version":[{"id":7095,"href":"https:\/\/zonalimitrofe-cbnr.com\/index.php\/wp-json\/wp\/v2\/posts\/7093\/revisions\/7095"}],"wp:featuredmedia":[{"embeddable":true,"href":"https:\/\/zonalimitrofe-cbnr.com\/index.php\/wp-json\/wp\/v2\/media\/7094"}],"wp:attachment":[{"href":"https:\/\/zonalimitrofe-cbnr.com\/index.php\/wp-json\/wp\/v2\/media?parent=7093"}],"wp:term":[{"taxonomy":"category","embeddable":true,"href":"https:\/\/zonalimitrofe-cbnr.com\/index.php\/wp-json\/wp\/v2\/categories?post=7093"},{"taxonomy":"post_tag","embeddable":true,"href":"https:\/\/zonalimitrofe-cbnr.com\/index.php\/wp-json\/wp\/v2\/tags?post=7093"}],"curies":[{"name":"wp","href":"https:\/\/api.w.org\/{rel}","templated":true}]}}