{"id":7083,"date":"2024-07-10T15:52:05","date_gmt":"2024-07-10T21:52:05","guid":{"rendered":"https:\/\/zonalimitrofe-cbnr.com\/?p=7083"},"modified":"2024-07-10T15:52:05","modified_gmt":"2024-07-10T21:52:05","slug":"torreon-avanza-programa-mi-primera-licencia-se-suman-representantes-de-escuelas-de-manejo","status":"publish","type":"post","link":"https:\/\/zonalimitrofe-cbnr.com\/index.php\/2024\/07\/10\/torreon-avanza-programa-mi-primera-licencia-se-suman-representantes-de-escuelas-de-manejo\/","title":{"rendered":"#Torre\u00f3n. Avanza programa \u201cMi primera licencia\u201d; se suman representantes de escuelas de manejo"},"content":{"rendered":"\n<p>Torre\u00f3n, Coahuila a 10 de julio de 2024.<\/p>\n\n\n\n<p>El programa \u201cMi primera licencia\u201d, impulsado en la Administraci\u00f3n Municipal a trav\u00e9s de la Direcci\u00f3n de Vialidad y Movilidad Urbana, trabajar\u00e1 en conjunto con los representantes de las escuelas de manejo, para lograr el objetivo de fortalecer la cultura vial de los conductores.<br>&nbsp;<br>Luis Alberto Morales Cort\u00e9s, director de la dependencia, inform\u00f3 que sostuvo recientemente una reuni\u00f3n con los representantes de distintas escuelas de manejo, para exponerles el programa, as\u00ed como para informarles sobre la contemplaci\u00f3n inmersa en la Ley General de Movilidad y Seguridad Vial, en torno a que puedan abonar a la educaci\u00f3n y la cultura vial.<br>&nbsp;<br>Dijo que son muy pocas las personas que acuden a una escuela de manejo antes de empezar a conducir un veh\u00edculo, y que el aprendizaje emp\u00edrico repercute en repetir vicios anti peatonales al manejar.<br>&nbsp;<br>En ese sentido, la intenci\u00f3n es que las escuelas de manejo colaboren con el programa, aportando el equipo vehicular para los ex\u00e1menes de manejo de los futuros conductores.<br>&nbsp;<br>\u201cEl programa \u201cMi primera licencia\u201d, busca formar conductores conscientes y responsables del buen uso de la v\u00eda p\u00fablica y el autom\u00f3vil, salvar la vida de los j\u00f3venes, reduciendo la morbilidad provocada por hechos de tr\u00e1nsito\u201d, explic\u00f3 el director.<br>&nbsp;<br>El plan piloto empez\u00f3 con estudiantes de la Universidad Aut\u00f3noma de Coahuila (UAdeC), y La Normal Superior, aunque se contempla expandir a otras universidades.<br>&nbsp;<br>Morales Cort\u00e9s dijo que se prepara tambi\u00e9n la firma de un convenio entre el alcalde Rom\u00e1n Alberto Cepeda Gonz\u00e1lez y el rector de la UA de C, para lograr una capacitaci\u00f3n para los j\u00f3venes estudiantes, similar a la que reciben los motociclistas, tambi\u00e9n a parir de la actual Administraci\u00f3n Municipal.<br>&nbsp;<br>Los beneficios para los j\u00f3venes del programa \u201cMi primera licencia\u201d ser\u00e1n la preparaci\u00f3n integral como conductor de un veh\u00edculo automotor y as\u00ed evitar accidentes viales.<\/p>\n","protected":false},"excerpt":{"rendered":"<p>Torre\u00f3n, Coahuila a 10 de julio de 2024. El programa \u201cMi primera licencia\u201d, impulsado en la Administraci\u00f3n Municipal a trav\u00e9s de la Direcci\u00f3n de Vialidad y Movilidad Urbana, trabajar\u00e1 en conjunto con los representantes de las escuelas de manejo, para lograr el objetivo de fortalecer la cultura vial de los conductores.&nbsp;Luis Alberto Morales Cort\u00e9s, director [&hellip;]<\/p>\n","protected":false},"author":1,"featured_media":7084,"comment_status":"open","ping_status":"open","sticky":false,"template":"","format":"standard","meta":{"_monsterinsights_skip_tracking":false,"_monsterinsights_sitenote_active":false,"_monsterinsights_sitenote_note":"","_monsterinsights_sitenote_category":0,"footnotes":""},"categories":[1],"tags":[],"_links":{"self":[{"href":"https:\/\/zonalimitrofe-cbnr.com\/index.php\/wp-json\/wp\/v2\/posts\/7083"}],"collection":[{"href":"https:\/\/zonalimitrofe-cbnr.com\/index.php\/wp-json\/wp\/v2\/posts"}],"about":[{"href":"https:\/\/zonalimitrofe-cbnr.com\/index.php\/wp-json\/wp\/v2\/types\/post"}],"author":[{"embeddable":true,"href":"https:\/\/zonalimitrofe-cbnr.com\/index.php\/wp-json\/wp\/v2\/users\/1"}],"replies":[{"embeddable":true,"href":"https:\/\/zonalimitrofe-cbnr.com\/index.php\/wp-json\/wp\/v2\/comments?post=7083"}],"version-history":[{"count":1,"href":"https:\/\/zonalimitrofe-cbnr.com\/index.php\/wp-json\/wp\/v2\/posts\/7083\/revisions"}],"predecessor-version":[{"id":7085,"href":"https:\/\/zonalimitrofe-cbnr.com\/index.php\/wp-json\/wp\/v2\/posts\/7083\/revisions\/7085"}],"wp:featuredmedia":[{"embeddable":true,"href":"https:\/\/zonalimitrofe-cbnr.com\/index.php\/wp-json\/wp\/v2\/media\/7084"}],"wp:attachment":[{"href":"https:\/\/zonalimitrofe-cbnr.com\/index.php\/wp-json\/wp\/v2\/media?parent=7083"}],"wp:term":[{"taxonomy":"category","embeddable":true,"href":"https:\/\/zonalimitrofe-cbnr.com\/index.php\/wp-json\/wp\/v2\/categories?post=7083"},{"taxonomy":"post_tag","embeddable":true,"href":"https:\/\/zonalimitrofe-cbnr.com\/index.php\/wp-json\/wp\/v2\/tags?post=7083"}],"curies":[{"name":"wp","href":"https:\/\/api.w.org\/{rel}","templated":true}]}}