{"id":7080,"date":"2024-07-10T15:47:59","date_gmt":"2024-07-10T21:47:59","guid":{"rendered":"https:\/\/zonalimitrofe-cbnr.com\/?p=7080"},"modified":"2024-07-10T15:47:59","modified_gmt":"2024-07-10T21:47:59","slug":"clubsantos-fran-villalba-oficialmente-nuevo-guerrero","status":"publish","type":"post","link":"https:\/\/zonalimitrofe-cbnr.com\/index.php\/2024\/07\/10\/clubsantos-fran-villalba-oficialmente-nuevo-guerrero\/","title":{"rendered":"#ClubSantos. FRAN VILLALBA OFICIALMENTE NUEVO GUERRERO"},"content":{"rendered":"\n<p>FRAN VILLALBA OFICIALMENTE NUEVO GUERRERO<br>Club Santos Laguna suma a sus filas al mediocampista Francisco Jos\u00e9 Villalba Rodrigo, en transferencia definitiva.<br>Fran, de 26 a\u00f1os de edad y 1.70 m de estatura, naci\u00f3 el 11 de mayo de 1998 en Valencia, Espa\u00f1a.<br>Llev\u00f3 a cabo su formaci\u00f3n con el conjunto de Valencia, debutando en la m\u00e1xima categor\u00eda del balompi\u00e9 espa\u00f1ol<br>en la Temporada 2015-16.<br>Adem\u00e1s de la de la escuadra valencianista, Villalba ha vestido las camisetas de Numancia, Birmingham City FC, UD<br>Almer\u00eda, M\u00e1laga y Real Sporting de Gij\u00f3n.<br>Durante la \u00faltima temporada de la Liga Hypermotion, fue un elemento clave para el conjunto rojiblanco, al disputar<br>un total de 33 partidos, teniendo un papel relevante para alcanzar los playoffs y pelear por el ascenso.<br>En lo que respecta a selecciones nacionales, represent\u00f3 a la Selecci\u00f3n Nacional de Espa\u00f1a Sub 17, destacando su<br>participaci\u00f3n en el Campeonato de la UEFA U17 2015.<br>Ficha T\u00e9cnica:<\/p>\n\n\n\n<ul>\n<li>Nombre: Francisco Jos\u00e9 Villalba Rodrigo<\/li>\n\n\n\n<li>Lugar de Nacimiento: Valencia, Espa\u00f1a<\/li>\n\n\n\n<li>Edad: 26 a\u00f1os<\/li>\n\n\n\n<li>Altura: 1.70 m<\/li>\n\n\n\n<li>Posici\u00f3n: Mediocampista<\/li>\n\n\n\n<li>Perfil: Derecho<\/li>\n\n\n\n<li>Debut Profesional: 2015 con Valencia<\/li>\n\n\n\n<li>Experiencia en Selecci\u00f3n Nacional: Sub 17<\/li>\n<\/ul>\n","protected":false},"excerpt":{"rendered":"<p>FRAN VILLALBA OFICIALMENTE NUEVO GUERREROClub Santos Laguna suma a sus filas al mediocampista Francisco Jos\u00e9 Villalba Rodrigo, en transferencia definitiva.Fran, de 26 a\u00f1os de edad y 1.70 m de estatura, naci\u00f3 el 11 de mayo de 1998 en Valencia, Espa\u00f1a.Llev\u00f3 a cabo su formaci\u00f3n con el conjunto de Valencia, debutando en la m\u00e1xima categor\u00eda del [&hellip;]<\/p>\n","protected":false},"author":1,"featured_media":7081,"comment_status":"open","ping_status":"open","sticky":false,"template":"","format":"standard","meta":{"_monsterinsights_skip_tracking":false,"_monsterinsights_sitenote_active":false,"_monsterinsights_sitenote_note":"","_monsterinsights_sitenote_category":0,"footnotes":""},"categories":[1],"tags":[],"_links":{"self":[{"href":"https:\/\/zonalimitrofe-cbnr.com\/index.php\/wp-json\/wp\/v2\/posts\/7080"}],"collection":[{"href":"https:\/\/zonalimitrofe-cbnr.com\/index.php\/wp-json\/wp\/v2\/posts"}],"about":[{"href":"https:\/\/zonalimitrofe-cbnr.com\/index.php\/wp-json\/wp\/v2\/types\/post"}],"author":[{"embeddable":true,"href":"https:\/\/zonalimitrofe-cbnr.com\/index.php\/wp-json\/wp\/v2\/users\/1"}],"replies":[{"embeddable":true,"href":"https:\/\/zonalimitrofe-cbnr.com\/index.php\/wp-json\/wp\/v2\/comments?post=7080"}],"version-history":[{"count":1,"href":"https:\/\/zonalimitrofe-cbnr.com\/index.php\/wp-json\/wp\/v2\/posts\/7080\/revisions"}],"predecessor-version":[{"id":7082,"href":"https:\/\/zonalimitrofe-cbnr.com\/index.php\/wp-json\/wp\/v2\/posts\/7080\/revisions\/7082"}],"wp:featuredmedia":[{"embeddable":true,"href":"https:\/\/zonalimitrofe-cbnr.com\/index.php\/wp-json\/wp\/v2\/media\/7081"}],"wp:attachment":[{"href":"https:\/\/zonalimitrofe-cbnr.com\/index.php\/wp-json\/wp\/v2\/media?parent=7080"}],"wp:term":[{"taxonomy":"category","embeddable":true,"href":"https:\/\/zonalimitrofe-cbnr.com\/index.php\/wp-json\/wp\/v2\/categories?post=7080"},{"taxonomy":"post_tag","embeddable":true,"href":"https:\/\/zonalimitrofe-cbnr.com\/index.php\/wp-json\/wp\/v2\/tags?post=7080"}],"curies":[{"name":"wp","href":"https:\/\/api.w.org\/{rel}","templated":true}]}}