{"id":7046,"date":"2024-07-09T12:54:31","date_gmt":"2024-07-09T18:54:31","guid":{"rendered":"https:\/\/zonalimitrofe-cbnr.com\/?p=7046"},"modified":"2024-07-09T12:54:31","modified_gmt":"2024-07-09T18:54:31","slug":"lerdo-proximo-jueves-arranca-campana-de-reforestacion","status":"publish","type":"post","link":"https:\/\/zonalimitrofe-cbnr.com\/index.php\/2024\/07\/09\/lerdo-proximo-jueves-arranca-campana-de-reforestacion\/","title":{"rendered":"#Lerdo. PR\u00d3XIMO JUEVES, ARRANCA CAMPA\u00d1A DE REFORESTACI\u00d3N"},"content":{"rendered":"\n<p>Lerdo, 09 julio 2024.- El pr\u00f3ximo jueves 11 de julio, la direcci\u00f3n de Medio Ambiente y Ecolog\u00eda dar\u00e1 arranque a la campa\u00f1a de reforestaci\u00f3n en la plaza de la colonia Nogales, para conmemorar el D\u00eda del \u00c1rbol.<\/p>\n\n\n\n<p>De acuerdo a la instrucci\u00f3n del Presidente Municipal Homero Mart\u00ednez Cabrera, el personal de Medio Ambiente ha realizado un recorrido para identificar las plazas en el municipio que requieren reforestar las zonas verdes.<\/p>\n\n\n\n<p>El director de la dependencia, Ricardo D\u00edaz Segovia, invita a los colonos interesados en reforestar su plaza, para acudir a la direcci\u00f3n de Medio Ambiente y Ecolog\u00eda (al interior de Presidencia Municipal, en prolongaci\u00f3n Allende, entre av. Sarabia y Coronado), frente al Teatro Hermila Galindo, en un horario de 8 a 16 hrs. de lunes a viernes, y solicitar m\u00e1s informaci\u00f3n sobre estas acciones.<\/p>\n\n\n\n<p>El funcionario explic\u00f3 los beneficios de esta actividad, ya que los \u00e1rboles generan ox\u00edgeno, purifican el aire, regeneran los nutrientes del suelo y los vuelven f\u00e9rtiles, adem\u00e1s de que incrementan la biodiversidad con el acercamiento de las especies de fauna.<\/p>\n\n\n\n<p>No obstante, se\u00f1al\u00f3 que es tarea de todos preservar los ejemplares en buen estado, exhortando a los residentes de cada colonia donde se vayan a plantar \u00e1rboles, para comprometerse al cuidado de los mismos; reg\u00e1ndolos, ayud\u00e1ndoles a crecer de forma recta, evitando trozar sus ramas, golpearlos o causarles alg\u00fan otro da\u00f1o.<\/p>\n\n\n\n<p>\u201cDaremos arranque a la campa\u00f1a \u2018Reforesta tu plaza y adopta un \u00e1rbol\u2019 con la intenci\u00f3n de que sociedad y gobierno trabajemos de la mano, y los residentes se comprometan a cuidar de las especies de flora para mantener bonito su espacio de convivencia\u201d comparti\u00f3 Ricardo D\u00edaz.<\/p>\n","protected":false},"excerpt":{"rendered":"<p>Lerdo, 09 julio 2024.- El pr\u00f3ximo jueves 11 de julio, la direcci\u00f3n de Medio Ambiente y Ecolog\u00eda dar\u00e1 arranque a la campa\u00f1a de reforestaci\u00f3n en la plaza de la colonia Nogales, para conmemorar el D\u00eda del \u00c1rbol. De acuerdo a la instrucci\u00f3n del Presidente Municipal Homero Mart\u00ednez Cabrera, el personal de Medio Ambiente ha realizado [&hellip;]<\/p>\n","protected":false},"author":1,"featured_media":7047,"comment_status":"open","ping_status":"open","sticky":false,"template":"","format":"standard","meta":{"_monsterinsights_skip_tracking":false,"_monsterinsights_sitenote_active":false,"_monsterinsights_sitenote_note":"","_monsterinsights_sitenote_category":0,"footnotes":""},"categories":[1],"tags":[],"_links":{"self":[{"href":"https:\/\/zonalimitrofe-cbnr.com\/index.php\/wp-json\/wp\/v2\/posts\/7046"}],"collection":[{"href":"https:\/\/zonalimitrofe-cbnr.com\/index.php\/wp-json\/wp\/v2\/posts"}],"about":[{"href":"https:\/\/zonalimitrofe-cbnr.com\/index.php\/wp-json\/wp\/v2\/types\/post"}],"author":[{"embeddable":true,"href":"https:\/\/zonalimitrofe-cbnr.com\/index.php\/wp-json\/wp\/v2\/users\/1"}],"replies":[{"embeddable":true,"href":"https:\/\/zonalimitrofe-cbnr.com\/index.php\/wp-json\/wp\/v2\/comments?post=7046"}],"version-history":[{"count":1,"href":"https:\/\/zonalimitrofe-cbnr.com\/index.php\/wp-json\/wp\/v2\/posts\/7046\/revisions"}],"predecessor-version":[{"id":7048,"href":"https:\/\/zonalimitrofe-cbnr.com\/index.php\/wp-json\/wp\/v2\/posts\/7046\/revisions\/7048"}],"wp:featuredmedia":[{"embeddable":true,"href":"https:\/\/zonalimitrofe-cbnr.com\/index.php\/wp-json\/wp\/v2\/media\/7047"}],"wp:attachment":[{"href":"https:\/\/zonalimitrofe-cbnr.com\/index.php\/wp-json\/wp\/v2\/media?parent=7046"}],"wp:term":[{"taxonomy":"category","embeddable":true,"href":"https:\/\/zonalimitrofe-cbnr.com\/index.php\/wp-json\/wp\/v2\/categories?post=7046"},{"taxonomy":"post_tag","embeddable":true,"href":"https:\/\/zonalimitrofe-cbnr.com\/index.php\/wp-json\/wp\/v2\/tags?post=7046"}],"curies":[{"name":"wp","href":"https:\/\/api.w.org\/{rel}","templated":true}]}}