{"id":7021,"date":"2024-07-08T15:24:54","date_gmt":"2024-07-08T21:24:54","guid":{"rendered":"https:\/\/zonalimitrofe-cbnr.com\/?p=7021"},"modified":"2024-07-08T15:24:54","modified_gmt":"2024-07-08T21:24:54","slug":"durango-sera-una-tierra-de-oportunidades-es-hora-de-hacer-realidad-los-grandes-proyectos-esteban","status":"publish","type":"post","link":"https:\/\/zonalimitrofe-cbnr.com\/index.php\/2024\/07\/08\/durango-sera-una-tierra-de-oportunidades-es-hora-de-hacer-realidad-los-grandes-proyectos-esteban\/","title":{"rendered":"#Durango ser\u00e1 una tierra de oportunidades; es hora de hacer realidad los grandes proyectos: Esteban*"},"content":{"rendered":"\n<ul>\n<li><em>En el marco del 461 aniversario de la Ciudad, el Mandatario estatal demand\u00f3 unidad de todos para crear caminos que antes parec\u00edan imposibles en el desarrollo de la entidad.<\/em><\/li>\n\n\n\n<li><em>El 2024, es el a\u00f1o de los duranguenses; suman tres casas productoras con filmaciones de series y pel\u00edculas, adem\u00e1s de la llegada de 31 inversiones extranjeras, asegura Gobernador.<\/em><\/li>\n<\/ul>\n\n\n\n<p>\u201cDurango no solo es la Perla del Guadiana, tambi\u00e9n es un diamante que tiene el gran potencial para convertirse en una ciudad moderna, ordenada, sustentable, con tecnolog\u00eda de punta y atractiva para los turistas e inversionistas\u201d, expres\u00f3 el gobernador Esteban Villegas Villarreal al conmemorar junto a su esposa Marisol Rosso y el alcalde capitalino To\u00f1o Ochoa, el 461 Aniversario de la Ciudad, donde al encabezar los actos c\u00edvicos, asegur\u00f3 que a partir de este a\u00f1o, la entidad ser\u00e1 conocida como la tierra de las oportunidades.<\/p>\n\n\n\n<p>Trabajemos juntos y en unidad, Durango necesita del talento de todos, sin exclusi\u00f3n, convoc\u00f3 el Mandatario al reunirse con actores pol\u00edticos, funcionarios y ciudadanos en el punto exacto donde Francisco de Ibarra, fund\u00f3 la Villa de Durango, un d\u00eda como hoy 8 de julio, pero de 1563.<\/p>\n\n\n\n<p>Esta entidad, no solo ha sido un lugar en el mapa, tambi\u00e9n es un destino para aquellas personas que se atreven a so\u00f1ar y a trabajar por un futuro mejor, destac\u00f3 el Gobernador, quien para conmemorar este importante d\u00eda para los duranguenses, particip\u00f3 en el Izamiento a la bandera en la Plaza IV Centenario, en la colocaci\u00f3n de la ofrenda floral en la Plaza Fundadores, y luego presenciar la lectura del Bando Solemne y la develaci\u00f3n la placa conmemorativa del 461 Aniversario de la Ciudad.<\/p>\n\n\n\n<p>\u201cA casi dos a\u00f1os, ya hemos superado temas urgentes, ahora nos enfocamos en hacer realidad los grandes proyectos que tenemos para Durango; el 2024, es el a\u00f1o de los duranguenses\u201d, asegur\u00f3 al recordar que en este mes se cumplen 70 a\u00f1os del surgimiento de la Industria Cinematogr\u00e1fica y para celebrar en grande, tres casas productoras ya grabaron sus series y pel\u00edculas en la entidad, as\u00ed como las 31 inversiones confirmadas que dejar\u00e1n una inversi\u00f3n de 30 mil millones de pesos y la creaci\u00f3n de 26 mil empleos directos en todo el estado.<\/p>\n\n\n\n<p>\u201cLes digo fuerte y claro, en el Gobierno del Estado estamos listos para crear caminos que antes parec\u00edan imposibles y que nuestra amada ciudad, siga mostrando todo lo que tiene para ofrecer como su gente valiosa, arquitectura, naturaleza, gastronom\u00eda, cultura, historia, educaci\u00f3n y salud de primer nivel; vienen grandes cosas para seguir poniendo en alto el nombre de Durango y M\u00e9xico en todo el mundo\u201d, enfatiz\u00f3.<\/p>\n\n\n\n<p>Por su parte, el alcalde Jos\u00e9 Antonio Ochoa, indic\u00f3 que es un privilegio vivir en esta tierra que significa &#8220;m\u00e1s all\u00e1 del agua&#8221;, ya que hoy se recuerda a aquellos duranguenses que dejaron un legado invaluable, desde que Francisco de Ibarra fund\u00f3 la ciudad; \u201ccelebramos no solo la historia, sino tambi\u00e9n el futuro prometedor que estamos construyendo, nos corresponde mantener nuestra casa limpia, ordenada y chula, seguiremos comprometidos con Durango\u201d, expres\u00f3.<\/p>\n\n\n\n<p>El cronista duranguense, Javier Guerrero Romero, record\u00f3 c\u00f3mo fue que se fund\u00f3 la ciudad y a personajes dignos de conmemorar, ya que es gracias a ellos que Durango cumple 461 a\u00f1os de su acto fundacional, que emerge como un pueblo unido, s\u00f3lido, que refrenda en sus mujeres y hombres, el sentido de ser ciudad, de cielo luminoso, rodeada de agua y manantiales; tierra de alacranes que como nosotros son invencibles, \u201cciudad tranquila y colonial donde sobra nobleza y arquitectura, somos afortunados porque aqu\u00ed vivimos, en esta tierra de cantera con alma de hierro y coraz\u00f3n de plata\u201d, finaliz\u00f3 al felicitar a los duranguenses por el cumplea\u00f1os de esta gran tierra.<\/p>\n","protected":false},"excerpt":{"rendered":"<p>\u201cDurango no solo es la Perla del Guadiana, tambi\u00e9n es un diamante que tiene el gran potencial para convertirse en una ciudad moderna, ordenada, sustentable, con tecnolog\u00eda de punta y atractiva para los turistas e inversionistas\u201d, expres\u00f3 el gobernador Esteban Villegas Villarreal al conmemorar junto a su esposa Marisol Rosso y el alcalde capitalino To\u00f1o [&hellip;]<\/p>\n","protected":false},"author":1,"featured_media":7022,"comment_status":"open","ping_status":"open","sticky":false,"template":"","format":"standard","meta":{"_monsterinsights_skip_tracking":false,"_monsterinsights_sitenote_active":false,"_monsterinsights_sitenote_note":"","_monsterinsights_sitenote_category":0,"footnotes":""},"categories":[1],"tags":[],"_links":{"self":[{"href":"https:\/\/zonalimitrofe-cbnr.com\/index.php\/wp-json\/wp\/v2\/posts\/7021"}],"collection":[{"href":"https:\/\/zonalimitrofe-cbnr.com\/index.php\/wp-json\/wp\/v2\/posts"}],"about":[{"href":"https:\/\/zonalimitrofe-cbnr.com\/index.php\/wp-json\/wp\/v2\/types\/post"}],"author":[{"embeddable":true,"href":"https:\/\/zonalimitrofe-cbnr.com\/index.php\/wp-json\/wp\/v2\/users\/1"}],"replies":[{"embeddable":true,"href":"https:\/\/zonalimitrofe-cbnr.com\/index.php\/wp-json\/wp\/v2\/comments?post=7021"}],"version-history":[{"count":1,"href":"https:\/\/zonalimitrofe-cbnr.com\/index.php\/wp-json\/wp\/v2\/posts\/7021\/revisions"}],"predecessor-version":[{"id":7023,"href":"https:\/\/zonalimitrofe-cbnr.com\/index.php\/wp-json\/wp\/v2\/posts\/7021\/revisions\/7023"}],"wp:featuredmedia":[{"embeddable":true,"href":"https:\/\/zonalimitrofe-cbnr.com\/index.php\/wp-json\/wp\/v2\/media\/7022"}],"wp:attachment":[{"href":"https:\/\/zonalimitrofe-cbnr.com\/index.php\/wp-json\/wp\/v2\/media?parent=7021"}],"wp:term":[{"taxonomy":"category","embeddable":true,"href":"https:\/\/zonalimitrofe-cbnr.com\/index.php\/wp-json\/wp\/v2\/categories?post=7021"},{"taxonomy":"post_tag","embeddable":true,"href":"https:\/\/zonalimitrofe-cbnr.com\/index.php\/wp-json\/wp\/v2\/tags?post=7021"}],"curies":[{"name":"wp","href":"https:\/\/api.w.org\/{rel}","templated":true}]}}