{"id":6903,"date":"2024-07-04T16:08:30","date_gmt":"2024-07-04T22:08:30","guid":{"rendered":"https:\/\/zonalimitrofe-cbnr.com\/?p=6903"},"modified":"2024-07-04T16:08:31","modified_gmt":"2024-07-04T22:08:31","slug":"lerdo-insta-hmc-a-federacion-llevar-a-cabo-mesa-de-trabajo-sobre-el-canon-de-fernandez","status":"publish","type":"post","link":"https:\/\/zonalimitrofe-cbnr.com\/index.php\/2024\/07\/04\/lerdo-insta-hmc-a-federacion-llevar-a-cabo-mesa-de-trabajo-sobre-el-canon-de-fernandez\/","title":{"rendered":"#Lerdo. INSTA HMC A FEDERACI\u00d3N LLEVAR A CABO MESA DE TRABAJO SOBRE EL CA\u00d1\u00d3N DE FERN\u00c1NDEZ*"},"content":{"rendered":"\n<p>Lerdo, 04 de julio 2024.- Al t\u00e9rmino de la sesi\u00f3n de cabildo, el Alcalde Homero Mart\u00ednez Cabrera inst\u00f3 al gobierno federal a llevar a cabo una mesa de trabajo para analizar el tema de la federalizaci\u00f3n del Ca\u00f1\u00f3n de Fern\u00e1ndez. Esto se debe a que, actualmente, personal del Municipio a\u00fan colabora con la seguridad y el mantenimiento del espacio.<\/p>\n\n\n\n<p>El edil coment\u00f3 que el objetivo es trabajar de la mano para analizar el tema tras el decreto que establece al Parque Estatal Ca\u00f1\u00f3n de Fern\u00e1ndez como un \u00c1rea Nacional Protegida, en teor\u00eda cien por ciento a cargo de la federaci\u00f3n. \u201cPero no podemos descuidar este tema, pues es un espacio natural dentro del Municipio de Lerdo y el patrimonio natural m\u00e1s importante de Ciudad Jard\u00edn\u201d, a\u00f1adi\u00f3.<\/p>\n\n\n\n<p>Homero Mart\u00ednez exhort\u00f3 a llevar a cabo esta mesa de trabajo con la presencia de autoridades de los tres niveles de gobierno, federal, estatal y municipal, para acordar los responsables del mantenimiento, vigilancia, cuidado y prevenci\u00f3n.<\/p>\n\n\n\n<p>\u201cEspero que a la brevedad se lleve a cabo esta mesa de trabajo. Voy a girar instrucciones a mi director de Medio Ambiente para acordar esta reuni\u00f3n y ver la planeaci\u00f3n, y de esta manera saber c\u00f3mo las dependencias operativas del Gobierno Municipal van a actuar ante una llamada de emergencia o en los programas de prevenci\u00f3n\u201d, concluy\u00f3.<\/p>\n","protected":false},"excerpt":{"rendered":"<p>Lerdo, 04 de julio 2024.- Al t\u00e9rmino de la sesi\u00f3n de cabildo, el Alcalde Homero Mart\u00ednez Cabrera inst\u00f3 al gobierno federal a llevar a cabo una mesa de trabajo para analizar el tema de la federalizaci\u00f3n del Ca\u00f1\u00f3n de Fern\u00e1ndez. Esto se debe a que, actualmente, personal del Municipio a\u00fan colabora con la seguridad y [&hellip;]<\/p>\n","protected":false},"author":1,"featured_media":6904,"comment_status":"open","ping_status":"open","sticky":false,"template":"","format":"standard","meta":{"_monsterinsights_skip_tracking":false,"_monsterinsights_sitenote_active":false,"_monsterinsights_sitenote_note":"","_monsterinsights_sitenote_category":0,"footnotes":""},"categories":[1],"tags":[],"_links":{"self":[{"href":"https:\/\/zonalimitrofe-cbnr.com\/index.php\/wp-json\/wp\/v2\/posts\/6903"}],"collection":[{"href":"https:\/\/zonalimitrofe-cbnr.com\/index.php\/wp-json\/wp\/v2\/posts"}],"about":[{"href":"https:\/\/zonalimitrofe-cbnr.com\/index.php\/wp-json\/wp\/v2\/types\/post"}],"author":[{"embeddable":true,"href":"https:\/\/zonalimitrofe-cbnr.com\/index.php\/wp-json\/wp\/v2\/users\/1"}],"replies":[{"embeddable":true,"href":"https:\/\/zonalimitrofe-cbnr.com\/index.php\/wp-json\/wp\/v2\/comments?post=6903"}],"version-history":[{"count":1,"href":"https:\/\/zonalimitrofe-cbnr.com\/index.php\/wp-json\/wp\/v2\/posts\/6903\/revisions"}],"predecessor-version":[{"id":6905,"href":"https:\/\/zonalimitrofe-cbnr.com\/index.php\/wp-json\/wp\/v2\/posts\/6903\/revisions\/6905"}],"wp:featuredmedia":[{"embeddable":true,"href":"https:\/\/zonalimitrofe-cbnr.com\/index.php\/wp-json\/wp\/v2\/media\/6904"}],"wp:attachment":[{"href":"https:\/\/zonalimitrofe-cbnr.com\/index.php\/wp-json\/wp\/v2\/media?parent=6903"}],"wp:term":[{"taxonomy":"category","embeddable":true,"href":"https:\/\/zonalimitrofe-cbnr.com\/index.php\/wp-json\/wp\/v2\/categories?post=6903"},{"taxonomy":"post_tag","embeddable":true,"href":"https:\/\/zonalimitrofe-cbnr.com\/index.php\/wp-json\/wp\/v2\/tags?post=6903"}],"curies":[{"name":"wp","href":"https:\/\/api.w.org\/{rel}","templated":true}]}}