{"id":6884,"date":"2024-07-04T15:47:10","date_gmt":"2024-07-04T21:47:10","guid":{"rendered":"https:\/\/zonalimitrofe-cbnr.com\/?p=6884"},"modified":"2024-07-04T15:47:10","modified_gmt":"2024-07-04T21:47:10","slug":"torreon-roman-alberto-cepeda-gonzalez-prioriza-la-planeacion-de-politicas-publicas-para-atender-los-nuevos-retos-de-torreon","status":"publish","type":"post","link":"https:\/\/zonalimitrofe-cbnr.com\/index.php\/2024\/07\/04\/torreon-roman-alberto-cepeda-gonzalez-prioriza-la-planeacion-de-politicas-publicas-para-atender-los-nuevos-retos-de-torreon\/","title":{"rendered":"#Torre\u00f3n. Rom\u00e1n Alberto Cepeda Gonz\u00e1lez prioriza la planeaci\u00f3n de pol\u00edticas p\u00fablicas para atender los nuevos retos de Torre\u00f3n"},"content":{"rendered":"\n<p>Torre\u00f3n, Coahuila. A 04 de julio de 2024.<\/p>\n\n\n\n<p>El alcalde Rom\u00e1n Alberto Cepeda Gonz\u00e1lez, presidi\u00f3 la sexta y s\u00e9ptima sesi\u00f3n del Consejo Directivo del Instituto Municipal de Planeaci\u00f3n y Competitividad de Torre\u00f3n (IMPLAN), en donde inform\u00f3 que se dar\u00e1 prioridad a pol\u00edticas p\u00fablicas generadas desde la Administraci\u00f3n Municipal acordes a las nuevos retos de la ciudad, respecto a su infraestructura, crecimiento, obra p\u00fablica, desarrollo econ\u00f3mico, salud, seguridad, movilidad, entre otros temas.<\/p>\n\n\n\n<p>En la sesi\u00f3n, el edil solicit\u00f3 conformar una comisi\u00f3n especial en el IMPLAN, para darle un seguimiento puntual a cada uno de los tema mencionados, en beneficio de la ciudadan\u00eda y del crecimiento de Torre\u00f3n.<\/p>\n\n\n\n<p>El Alcalde explic\u00f3 que las necesidades de la ciudad ya no son las mismas de cuando inici\u00f3 esta Administraci\u00f3n Municipal, y consider\u00f3 necesario hacer un an\u00e1lisis de temas, metas y prioridades, para concluir 2024 y proyectar las acciones de 2025.<\/p>\n\n\n\n<p>\u201cSe est\u00e1 cerrando un ciclo que concluye el 31 de diciembre en este a\u00f1o, y es importante ver los retos para este \u00faltimo semestre, pero tambi\u00e9n hacer un replanteamiento estricto para responder a las nuevas necesidades de Torre\u00f3n\u201d, expres\u00f3.<\/p>\n\n\n\n<p>Dijo que las pol\u00edticas p\u00fablicas del municipio deben responder a la realidad econ\u00f3mica y pol\u00edtica nacional e internacional, sin descuidar la local.<\/p>\n\n\n\n<p>Adem\u00e1s, hizo \u00e9nfasis en la importancia de la participaci\u00f3n del IMPLAN, de sus consejeros y comisiones, en la identificaci\u00f3n de las causas de las diferentes problem\u00e1ticas sociales en la ciudad, para continuar con el dise\u00f1o de pol\u00edticas p\u00fablicas adecuadas para atenderlas y promover con certeza el desarrollo de la ciudadan\u00eda.<\/p>\n\n\n\n<p>En cuanto a los aspectos financieros, Rom\u00e1n Alberto Cepeda Gonz\u00e1lez habl\u00f3 de la eficiencia en la recaudaci\u00f3n de la actual Administraci\u00f3n Municipal y sobre la responsabilidad en la planeaci\u00f3n y en la aplicaci\u00f3n de los recursos p\u00fablicos, con el objetivo de que Torre\u00f3n contin\u00fae en la ruta del crecimiento.<\/p>\n\n\n\n<p>Por su parte, Jes\u00fas H\u00e9ctor de la Garza Acosta, director general del IMPLAN, agend\u00f3 para la siguiente sesi\u00f3n del Consejo, la integraci\u00f3n del an\u00e1lisis de las proyecciones del Plan Estrat\u00e9gico TRC 2040, solicitado por el Presidente Municipal.<\/p>\n","protected":false},"excerpt":{"rendered":"<p>Torre\u00f3n, Coahuila. A 04 de julio de 2024. El alcalde Rom\u00e1n Alberto Cepeda Gonz\u00e1lez, presidi\u00f3 la sexta y s\u00e9ptima sesi\u00f3n del Consejo Directivo del Instituto Municipal de Planeaci\u00f3n y Competitividad de Torre\u00f3n (IMPLAN), en donde inform\u00f3 que se dar\u00e1 prioridad a pol\u00edticas p\u00fablicas generadas desde la Administraci\u00f3n Municipal acordes a las nuevos retos de la [&hellip;]<\/p>\n","protected":false},"author":1,"featured_media":6885,"comment_status":"open","ping_status":"open","sticky":false,"template":"","format":"standard","meta":{"_monsterinsights_skip_tracking":false,"_monsterinsights_sitenote_active":false,"_monsterinsights_sitenote_note":"","_monsterinsights_sitenote_category":0,"footnotes":""},"categories":[1],"tags":[],"_links":{"self":[{"href":"https:\/\/zonalimitrofe-cbnr.com\/index.php\/wp-json\/wp\/v2\/posts\/6884"}],"collection":[{"href":"https:\/\/zonalimitrofe-cbnr.com\/index.php\/wp-json\/wp\/v2\/posts"}],"about":[{"href":"https:\/\/zonalimitrofe-cbnr.com\/index.php\/wp-json\/wp\/v2\/types\/post"}],"author":[{"embeddable":true,"href":"https:\/\/zonalimitrofe-cbnr.com\/index.php\/wp-json\/wp\/v2\/users\/1"}],"replies":[{"embeddable":true,"href":"https:\/\/zonalimitrofe-cbnr.com\/index.php\/wp-json\/wp\/v2\/comments?post=6884"}],"version-history":[{"count":1,"href":"https:\/\/zonalimitrofe-cbnr.com\/index.php\/wp-json\/wp\/v2\/posts\/6884\/revisions"}],"predecessor-version":[{"id":6886,"href":"https:\/\/zonalimitrofe-cbnr.com\/index.php\/wp-json\/wp\/v2\/posts\/6884\/revisions\/6886"}],"wp:featuredmedia":[{"embeddable":true,"href":"https:\/\/zonalimitrofe-cbnr.com\/index.php\/wp-json\/wp\/v2\/media\/6885"}],"wp:attachment":[{"href":"https:\/\/zonalimitrofe-cbnr.com\/index.php\/wp-json\/wp\/v2\/media?parent=6884"}],"wp:term":[{"taxonomy":"category","embeddable":true,"href":"https:\/\/zonalimitrofe-cbnr.com\/index.php\/wp-json\/wp\/v2\/categories?post=6884"},{"taxonomy":"post_tag","embeddable":true,"href":"https:\/\/zonalimitrofe-cbnr.com\/index.php\/wp-json\/wp\/v2\/tags?post=6884"}],"curies":[{"name":"wp","href":"https:\/\/api.w.org\/{rel}","templated":true}]}}