{"id":6877,"date":"2024-07-04T10:32:18","date_gmt":"2024-07-04T16:32:18","guid":{"rendered":"https:\/\/zonalimitrofe-cbnr.com\/?p=6877"},"modified":"2024-07-04T10:32:18","modified_gmt":"2024-07-04T16:32:18","slug":"durango-gobierno-de-esteban-brinda-oportunidades-de-empleo-para-jovenes-de-la-region-laguna","status":"publish","type":"post","link":"https:\/\/zonalimitrofe-cbnr.com\/index.php\/2024\/07\/04\/durango-gobierno-de-esteban-brinda-oportunidades-de-empleo-para-jovenes-de-la-region-laguna\/","title":{"rendered":"#Durango. GOBIERNO DE ESTEBAN BRINDA OPORTUNIDADES DE EMPLEO PARA J\u00d3VENES DE LA REGI\u00d3N LAGUNA"},"content":{"rendered":"\n<p>Comarca Lagunera.- El Gobierno encabezado por Esteban Villegas Villarreal, a trav\u00e9s de la Secretar\u00eda del Trabajo y Previsi\u00f3n Social y el Instituto Duranguense de la Juventud arrancaron en la ciudad de G\u00f3mez Palacio la \u201cFeria del Empleo Estatal Verano Activo\u201d, que tiene la finalidad de apoyar a los j\u00f3venes en conseguir una fuente de empleo digna durante el periodo vacacional, con opci\u00f3n a convertirse en un trabajo de tiempo completo.<\/p>\n\n\n\n<p>La secretaria del Trabajo y Previsi\u00f3n Social, Berenice Morales de \u00c1vila destac\u00f3, que en la Feria del Empleo Estatal Verano Activo, realizada en el Gimnasio Municipal \u201cLuis L. Vargas\u201d, se presentaron 25 empresas de la regi\u00f3n Laguna, ofertando cerca de 350 vacantes con sueldos atractivos y prestaciones de Ley.<\/p>\n\n\n\n<p>\u201cEsta feria representa, una oportunidad invaluable para construir un puente entre los entre los aspirantes entusiastas y los empleadores comprometidos con el crecimiento y el desarrollo. Agradecemos su participaci\u00f3n a las empresas y a todas las personas aqu\u00ed presentes que forman parte de este verano activo\u201d, expres\u00f3 la secretaria.<\/p>\n\n\n\n<p>Estas acciones son una realidad gracias al inter\u00e9s por parte del gobernador, Esteban Villegas de vincular a los j\u00f3venes con el sector empresarial para que adquieran experiencia y sean competitivos en el campo laboral.<\/p>\n\n\n\n<p>Por su parte la directora Estatal del Instituto Duranguense de la Juventud, Grecia Hern\u00e1ndez Carrasco hizo un reconocimiento para los j\u00f3venes participantes de la Feria:<\/p>\n\n\n\n<p>\u201cLos j\u00f3venes participantes, est\u00e1n demostrando un compromiso no solo con su propio futuro sino tambi\u00e9n con el desarrollo econ\u00f3mico y social de nuestra regi\u00f3n, hoy m\u00e1s que nunca es crucial apoyar y potenciar el talento joven, ofreci\u00e9ndoles herramientas y oportunidades necesarias para alcanzar su m\u00e1ximo potencial\u201d, puntualizo.<\/p>\n\n\n\n<p>Al arranque de la feria asistieron el subsecretario de Gobierno en la regi\u00f3n Laguna, Ra\u00fal Meraz Ram\u00edrez; En representaci\u00f3n de la alcaldesa de G\u00f3mez Palacio, Leticia Herrera Ale, estuvo el director de Desarrollo Econ\u00f3mico y Turismo del Municipio de<\/p>\n\n\n\n<p>G\u00f3mez Palacio, Erick Escudero Garc\u00eda; como parte del sector empresarial estuvo presente la responsable de reclutamiento de la empresa Frape, Mar\u00eda Arvizu; adem\u00e1s de otros funcionarios estatales y municipales.<\/p>\n","protected":false},"excerpt":{"rendered":"<p>Comarca Lagunera.- El Gobierno encabezado por Esteban Villegas Villarreal, a trav\u00e9s de la Secretar\u00eda del Trabajo y Previsi\u00f3n Social y el Instituto Duranguense de la Juventud arrancaron en la ciudad de G\u00f3mez Palacio la \u201cFeria del Empleo Estatal Verano Activo\u201d, que tiene la finalidad de apoyar a los j\u00f3venes en conseguir una fuente de empleo [&hellip;]<\/p>\n","protected":false},"author":1,"featured_media":6878,"comment_status":"open","ping_status":"open","sticky":false,"template":"","format":"standard","meta":{"_monsterinsights_skip_tracking":false,"_monsterinsights_sitenote_active":false,"_monsterinsights_sitenote_note":"","_monsterinsights_sitenote_category":0,"footnotes":""},"categories":[1],"tags":[],"_links":{"self":[{"href":"https:\/\/zonalimitrofe-cbnr.com\/index.php\/wp-json\/wp\/v2\/posts\/6877"}],"collection":[{"href":"https:\/\/zonalimitrofe-cbnr.com\/index.php\/wp-json\/wp\/v2\/posts"}],"about":[{"href":"https:\/\/zonalimitrofe-cbnr.com\/index.php\/wp-json\/wp\/v2\/types\/post"}],"author":[{"embeddable":true,"href":"https:\/\/zonalimitrofe-cbnr.com\/index.php\/wp-json\/wp\/v2\/users\/1"}],"replies":[{"embeddable":true,"href":"https:\/\/zonalimitrofe-cbnr.com\/index.php\/wp-json\/wp\/v2\/comments?post=6877"}],"version-history":[{"count":1,"href":"https:\/\/zonalimitrofe-cbnr.com\/index.php\/wp-json\/wp\/v2\/posts\/6877\/revisions"}],"predecessor-version":[{"id":6879,"href":"https:\/\/zonalimitrofe-cbnr.com\/index.php\/wp-json\/wp\/v2\/posts\/6877\/revisions\/6879"}],"wp:featuredmedia":[{"embeddable":true,"href":"https:\/\/zonalimitrofe-cbnr.com\/index.php\/wp-json\/wp\/v2\/media\/6878"}],"wp:attachment":[{"href":"https:\/\/zonalimitrofe-cbnr.com\/index.php\/wp-json\/wp\/v2\/media?parent=6877"}],"wp:term":[{"taxonomy":"category","embeddable":true,"href":"https:\/\/zonalimitrofe-cbnr.com\/index.php\/wp-json\/wp\/v2\/categories?post=6877"},{"taxonomy":"post_tag","embeddable":true,"href":"https:\/\/zonalimitrofe-cbnr.com\/index.php\/wp-json\/wp\/v2\/tags?post=6877"}],"curies":[{"name":"wp","href":"https:\/\/api.w.org\/{rel}","templated":true}]}}