{"id":6868,"date":"2024-07-04T10:24:03","date_gmt":"2024-07-04T16:24:03","guid":{"rendered":"https:\/\/zonalimitrofe-cbnr.com\/?p=6868"},"modified":"2024-07-04T10:24:04","modified_gmt":"2024-07-04T16:24:04","slug":"gp-invitan-a-degustar-los-deliciosos-pollos-estilo-inigo-en-la-feria-gomez-palacio-2024","status":"publish","type":"post","link":"https:\/\/zonalimitrofe-cbnr.com\/index.php\/2024\/07\/04\/gp-invitan-a-degustar-los-deliciosos-pollos-estilo-inigo-en-la-feria-gomez-palacio-2024\/","title":{"rendered":"#GP. Invitan a degustar los deliciosos pollos estilo \u00cd\u00f1igo en la Feria G\u00f3mez Palacio 2024*"},"content":{"rendered":"\n<p>El pr\u00f3ximo 08 de julio, concluye la temporada de la Feria G\u00f3mez Palacio 2024, motivo por el cual, la directora del Sistema para el Desarrollo Integral de la Familia (DIF), Brenda Calder\u00f3n Carrete hace una cordial invitaci\u00f3n al p\u00fablico en general, a que no se queden sin probar el pollo asado estilo \u00cd\u00f1igo y con ello apoyar los programas de ayuda de esta instituci\u00f3n para personas vulnerables.<\/p>\n\n\n\n<p>Coment\u00f3 que, con la colaboraci\u00f3n del personal de esta dependencia, desde el primer d\u00eda de apertura de la Feria G\u00f3mez Palacio, se han atendido comensales, no solo provenientes de la regi\u00f3n, sino tambi\u00e9n de otros estados del pa\u00eds.<\/p>\n\n\n\n<p>Mencion\u00f3 que este segundo a\u00f1o de venta de este delicioso platillo, cont\u00f3 con el respaldo de la presidenta municipal Leticia Herrera Ale, con el fin de posicionar al pollo estilo \u00cd\u00f1igo como una tradici\u00f3n de la Feria, adem\u00e1s de que al adquirirlo la poblaci\u00f3n tiene oportunidad de apoyar las acciones y programas de asistencia social que lleva a cabo el DIF a personas vulnerables.<\/p>\n\n\n\n<p>Indic\u00f3 que en esta ocasi\u00f3n se agregaron a la venta, boneless de pollo con papas y con deliciosos aderezos, y que junto con el pollo asado estilo Casa \u00cd\u00f1igo han sido todo un \u00e9xito y pueden seguir degust\u00e1ndolos hasta el \u00faltimo d\u00eda de la Expo Feria G\u00f3mez Palacio 2024.Reiter\u00f3 la invitaci\u00f3n, a las familias para que acudan a las instalaciones de la Expo Feria y conozcan tambi\u00e9n los stands del DIF, ubicado uno de ellos dentro de la Exposici\u00f3n Artesanal, en donde podr\u00e1n adquirir art\u00edculos elaborados por alumnas de los tres centros comunitarios de dicha dependencia, y otro m\u00e1s a un costado de la venta de pollos.<\/p>\n","protected":false},"excerpt":{"rendered":"<p>El pr\u00f3ximo 08 de julio, concluye la temporada de la Feria G\u00f3mez Palacio 2024, motivo por el cual, la directora del Sistema para el Desarrollo Integral de la Familia (DIF), Brenda Calder\u00f3n Carrete hace una cordial invitaci\u00f3n al p\u00fablico en general, a que no se queden sin probar el pollo asado estilo \u00cd\u00f1igo y con [&hellip;]<\/p>\n","protected":false},"author":1,"featured_media":6869,"comment_status":"open","ping_status":"open","sticky":false,"template":"","format":"standard","meta":{"_monsterinsights_skip_tracking":false,"_monsterinsights_sitenote_active":false,"_monsterinsights_sitenote_note":"","_monsterinsights_sitenote_category":0,"footnotes":""},"categories":[1],"tags":[],"_links":{"self":[{"href":"https:\/\/zonalimitrofe-cbnr.com\/index.php\/wp-json\/wp\/v2\/posts\/6868"}],"collection":[{"href":"https:\/\/zonalimitrofe-cbnr.com\/index.php\/wp-json\/wp\/v2\/posts"}],"about":[{"href":"https:\/\/zonalimitrofe-cbnr.com\/index.php\/wp-json\/wp\/v2\/types\/post"}],"author":[{"embeddable":true,"href":"https:\/\/zonalimitrofe-cbnr.com\/index.php\/wp-json\/wp\/v2\/users\/1"}],"replies":[{"embeddable":true,"href":"https:\/\/zonalimitrofe-cbnr.com\/index.php\/wp-json\/wp\/v2\/comments?post=6868"}],"version-history":[{"count":1,"href":"https:\/\/zonalimitrofe-cbnr.com\/index.php\/wp-json\/wp\/v2\/posts\/6868\/revisions"}],"predecessor-version":[{"id":6870,"href":"https:\/\/zonalimitrofe-cbnr.com\/index.php\/wp-json\/wp\/v2\/posts\/6868\/revisions\/6870"}],"wp:featuredmedia":[{"embeddable":true,"href":"https:\/\/zonalimitrofe-cbnr.com\/index.php\/wp-json\/wp\/v2\/media\/6869"}],"wp:attachment":[{"href":"https:\/\/zonalimitrofe-cbnr.com\/index.php\/wp-json\/wp\/v2\/media?parent=6868"}],"wp:term":[{"taxonomy":"category","embeddable":true,"href":"https:\/\/zonalimitrofe-cbnr.com\/index.php\/wp-json\/wp\/v2\/categories?post=6868"},{"taxonomy":"post_tag","embeddable":true,"href":"https:\/\/zonalimitrofe-cbnr.com\/index.php\/wp-json\/wp\/v2\/tags?post=6868"}],"curies":[{"name":"wp","href":"https:\/\/api.w.org\/{rel}","templated":true}]}}