{"id":6804,"date":"2024-07-02T08:48:34","date_gmt":"2024-07-02T14:48:34","guid":{"rendered":"https:\/\/zonalimitrofe-cbnr.com\/?p=6804"},"modified":"2024-07-02T08:48:34","modified_gmt":"2024-07-02T14:48:34","slug":"gp-invita-ayuntamiento-de-gomez-palacio-a-la-feria-del-empleo-juventud-2024","status":"publish","type":"post","link":"https:\/\/zonalimitrofe-cbnr.com\/index.php\/2024\/07\/02\/gp-invita-ayuntamiento-de-gomez-palacio-a-la-feria-del-empleo-juventud-2024\/","title":{"rendered":"#GP. Invita Ayuntamiento de G\u00f3mez Palacio a la Feria del Empleo Juventud 2024*"},"content":{"rendered":"\n<p>El Ayuntamiento de G\u00f3mez Palacio, a trav\u00e9s del Instituto Municipal de la Juventud, invita a la comunidad de G\u00f3mez Palacio a participar en la pr\u00f3xima Feria del Empleo Juventud 2024, que se llevar\u00e1 a cabo el d\u00eda 10 de julio en la explanada de la Presidencia Municipal.<\/p>\n\n\n\n<p>Sof\u00eda Carriedo Garc\u00eda, titular del Instituto, dijo que el evento es una muestra del compromiso de la administraci\u00f3n encabezada por la presidenta municipal Leticia Herrera Ale, de mejorar la calidad de vida de los gomezpalatinos a trav\u00e9s de la generaci\u00f3n de empleos dignos.<\/p>\n\n\n\n<p>La feria contar\u00e1 con la presencia de aproximadamente 35 empresas de diversos giros productivos, como Transportes Peque\u00f1a, Farmacias Populares Laguneras, Domin\u00f3&#8217;s Pizza, Al S\u00faper, SuKarne, entre otras. Estas empresas ofrecer\u00e1n oportunidades laborales para j\u00f3venes que buscan empleo durante sus vacaciones, as\u00ed como para aquellos que desean trabajar medio turno o con horarios flexibles mientras contin\u00faan con sus estudios.<\/p>\n\n\n\n<p>&#8220;Feria del Empleo Juventud 2024\u201d, est\u00e1 dise\u00f1ada para apoyar tanto a j\u00f3venes reci\u00e9n egresados, como al p\u00fablico en general que busque nuevas oportunidades laborales&#8221;, mencion\u00f3 Carriedo Garc\u00eda.<\/p>\n\n\n\n<p>&#8220;Invitamos a todas las personas interesadas a acercarse y explorar las opciones disponibles, as\u00ed como a preparar sus curr\u00edculos para este evento&#8221;.<\/p>\n\n\n\n<p>Para participar como empresa expositora, se les invita tambi\u00e9n a acudir a las oficinas del Instituto de la Juventud ubicadas en calle Santiago Lav\u00edn entre Allende y Victoria, en el \u00e1rea de Bolsa de Empleo, o comunicarse al tel\u00e9fono 871 688 39 88 para m\u00e1s informaci\u00f3n.<\/p>\n","protected":false},"excerpt":{"rendered":"<p>El Ayuntamiento de G\u00f3mez Palacio, a trav\u00e9s del Instituto Municipal de la Juventud, invita a la comunidad de G\u00f3mez Palacio a participar en la pr\u00f3xima Feria del Empleo Juventud 2024, que se llevar\u00e1 a cabo el d\u00eda 10 de julio en la explanada de la Presidencia Municipal. Sof\u00eda Carriedo Garc\u00eda, titular del Instituto, dijo que [&hellip;]<\/p>\n","protected":false},"author":1,"featured_media":6805,"comment_status":"open","ping_status":"open","sticky":false,"template":"","format":"standard","meta":{"_monsterinsights_skip_tracking":false,"_monsterinsights_sitenote_active":false,"_monsterinsights_sitenote_note":"","_monsterinsights_sitenote_category":0,"footnotes":""},"categories":[1],"tags":[],"_links":{"self":[{"href":"https:\/\/zonalimitrofe-cbnr.com\/index.php\/wp-json\/wp\/v2\/posts\/6804"}],"collection":[{"href":"https:\/\/zonalimitrofe-cbnr.com\/index.php\/wp-json\/wp\/v2\/posts"}],"about":[{"href":"https:\/\/zonalimitrofe-cbnr.com\/index.php\/wp-json\/wp\/v2\/types\/post"}],"author":[{"embeddable":true,"href":"https:\/\/zonalimitrofe-cbnr.com\/index.php\/wp-json\/wp\/v2\/users\/1"}],"replies":[{"embeddable":true,"href":"https:\/\/zonalimitrofe-cbnr.com\/index.php\/wp-json\/wp\/v2\/comments?post=6804"}],"version-history":[{"count":1,"href":"https:\/\/zonalimitrofe-cbnr.com\/index.php\/wp-json\/wp\/v2\/posts\/6804\/revisions"}],"predecessor-version":[{"id":6806,"href":"https:\/\/zonalimitrofe-cbnr.com\/index.php\/wp-json\/wp\/v2\/posts\/6804\/revisions\/6806"}],"wp:featuredmedia":[{"embeddable":true,"href":"https:\/\/zonalimitrofe-cbnr.com\/index.php\/wp-json\/wp\/v2\/media\/6805"}],"wp:attachment":[{"href":"https:\/\/zonalimitrofe-cbnr.com\/index.php\/wp-json\/wp\/v2\/media?parent=6804"}],"wp:term":[{"taxonomy":"category","embeddable":true,"href":"https:\/\/zonalimitrofe-cbnr.com\/index.php\/wp-json\/wp\/v2\/categories?post=6804"},{"taxonomy":"post_tag","embeddable":true,"href":"https:\/\/zonalimitrofe-cbnr.com\/index.php\/wp-json\/wp\/v2\/tags?post=6804"}],"curies":[{"name":"wp","href":"https:\/\/api.w.org\/{rel}","templated":true}]}}