{"id":6796,"date":"2024-07-02T08:35:16","date_gmt":"2024-07-02T14:35:16","guid":{"rendered":"https:\/\/zonalimitrofe-cbnr.com\/?p=6796"},"modified":"2024-07-02T08:35:16","modified_gmt":"2024-07-02T14:35:16","slug":"torreon-plantan-mas-de-200-arboles-en-la-reserva-ecologica-municipal-sierra-y-canon-de-jimulco","status":"publish","type":"post","link":"https:\/\/zonalimitrofe-cbnr.com\/index.php\/2024\/07\/02\/torreon-plantan-mas-de-200-arboles-en-la-reserva-ecologica-municipal-sierra-y-canon-de-jimulco\/","title":{"rendered":"#Torre\u00f3n. Plantan m\u00e1s de 200 \u00e1rboles en la Reserva Ecol\u00f3gica Municipal Sierra y Ca\u00f1\u00f3n de Jimulco"},"content":{"rendered":"\n<p><strong>Torre\u00f3n, Coahuila. A 01 de julio de 2024<\/strong> En el marco del &#8220;D\u00eda Mundial del \u00c1rbol&#8221;, que se conmemor\u00f3 el pasado 28 de junio, la Direcci\u00f3n General de Medio Ambiente (DGMA) en colaboraci\u00f3n con la Fundaci\u00f3n Jimulco, llev\u00f3 a cabo el pasado fin de semana una jornada de reforestaci\u00f3n en la Reserva Ecol\u00f3gica Municipal Sierra y Ca\u00f1\u00f3n de Jimulco. Este esfuerzo conjunto busca promover el cuidado de esa parte del municipio y la preservaci\u00f3n de sus recursos naturales. Manuel Rodr\u00edguez Mu\u00f1oz, director de biodiversidad de la dependencia, dijo que la jornada de reforestaci\u00f3n tuvo lugar en las comunidades de Juan Eugenio, Jalisco, La Trinidad, Jimulco, La Flor y Barreal de Guadalupe, donde se plant\u00f3 un total de 220 \u00e1rboles. Explic\u00f3 que estas acciones forman parte del programa \u201cPlanta y cuida\u201d de la Administraci\u00f3n que encabeza el Alcalde Rom\u00e1n Alberto Cepeda Gonz\u00e1lez, implementado para dotar a los espacios de vegetaci\u00f3n y con ello amortiguar las altas temperaturas que se registran en la regi\u00f3n, adem\u00e1s de generar un impacto positivo en la biodiversidad. Mencion\u00f3 que las especies plantadas son adecuadas para el clima de la regi\u00f3n, entre ellas se encuentran el huizache, mezquite y l\u00e1grima de San Pedro, as\u00ed como \u00e1rboles frutales que fueron distribuidos en las seis comunidades, especies que ayudan a mejorar el paisaje y proporcionan beneficios adicionales como sombra, alimento y refugio para la fauna local. El funcionario dijo que la estrategia es integral, y no solo se enfoca en la plantaci\u00f3n de \u00e1rboles, sino tambi\u00e9n en su cuidado y mantenimiento, asegurando as\u00ed su supervivencia a largo plazo, por ello en esta actividad la Fundaci\u00f3n Jimulco llevar\u00e1 el seguimiento del buen desarrollo de las unidades entregadas. La actividad cont\u00f3 con la participaci\u00f3n de los habitantes de las comunidades, quienes se sumaron a las labores de plantaci\u00f3n y asumieron el compromiso de cuidar las nuevas unidades.<\/p>\n","protected":false},"excerpt":{"rendered":"<p>Torre\u00f3n, Coahuila. A 01 de julio de 2024 En el marco del &#8220;D\u00eda Mundial del \u00c1rbol&#8221;, que se conmemor\u00f3 el pasado 28 de junio, la Direcci\u00f3n General de Medio Ambiente (DGMA) en colaboraci\u00f3n con la Fundaci\u00f3n Jimulco, llev\u00f3 a cabo el pasado fin de semana una jornada de reforestaci\u00f3n en la Reserva Ecol\u00f3gica Municipal Sierra [&hellip;]<\/p>\n","protected":false},"author":1,"featured_media":6797,"comment_status":"open","ping_status":"open","sticky":false,"template":"","format":"standard","meta":{"_monsterinsights_skip_tracking":false,"_monsterinsights_sitenote_active":false,"_monsterinsights_sitenote_note":"","_monsterinsights_sitenote_category":0,"footnotes":""},"categories":[1],"tags":[],"_links":{"self":[{"href":"https:\/\/zonalimitrofe-cbnr.com\/index.php\/wp-json\/wp\/v2\/posts\/6796"}],"collection":[{"href":"https:\/\/zonalimitrofe-cbnr.com\/index.php\/wp-json\/wp\/v2\/posts"}],"about":[{"href":"https:\/\/zonalimitrofe-cbnr.com\/index.php\/wp-json\/wp\/v2\/types\/post"}],"author":[{"embeddable":true,"href":"https:\/\/zonalimitrofe-cbnr.com\/index.php\/wp-json\/wp\/v2\/users\/1"}],"replies":[{"embeddable":true,"href":"https:\/\/zonalimitrofe-cbnr.com\/index.php\/wp-json\/wp\/v2\/comments?post=6796"}],"version-history":[{"count":1,"href":"https:\/\/zonalimitrofe-cbnr.com\/index.php\/wp-json\/wp\/v2\/posts\/6796\/revisions"}],"predecessor-version":[{"id":6798,"href":"https:\/\/zonalimitrofe-cbnr.com\/index.php\/wp-json\/wp\/v2\/posts\/6796\/revisions\/6798"}],"wp:featuredmedia":[{"embeddable":true,"href":"https:\/\/zonalimitrofe-cbnr.com\/index.php\/wp-json\/wp\/v2\/media\/6797"}],"wp:attachment":[{"href":"https:\/\/zonalimitrofe-cbnr.com\/index.php\/wp-json\/wp\/v2\/media?parent=6796"}],"wp:term":[{"taxonomy":"category","embeddable":true,"href":"https:\/\/zonalimitrofe-cbnr.com\/index.php\/wp-json\/wp\/v2\/categories?post=6796"},{"taxonomy":"post_tag","embeddable":true,"href":"https:\/\/zonalimitrofe-cbnr.com\/index.php\/wp-json\/wp\/v2\/tags?post=6796"}],"curies":[{"name":"wp","href":"https:\/\/api.w.org\/{rel}","templated":true}]}}