{"id":6732,"date":"2024-06-29T17:28:46","date_gmt":"2024-06-29T23:28:46","guid":{"rendered":"https:\/\/zonalimitrofe-cbnr.com\/?p=6732"},"modified":"2024-06-29T17:28:46","modified_gmt":"2024-06-29T23:28:46","slug":"congresocoahuila-fortalecer-medidas-para-erradicar-el-acoso-escolar-en-el-pais-solicitan-diputados","status":"publish","type":"post","link":"https:\/\/zonalimitrofe-cbnr.com\/index.php\/2024\/06\/29\/congresocoahuila-fortalecer-medidas-para-erradicar-el-acoso-escolar-en-el-pais-solicitan-diputados\/","title":{"rendered":"#CongresoCoahuila. Fortalecer medidas para erradicar el acoso escolar en el pa\u00eds, solicitan diputados"},"content":{"rendered":"\n<p>Saltillo, Coahuila, 29 de junio de 2024.- En sesi\u00f3n del Congreso del Estado se aprob\u00f3 un dictamen relativo a punto de acuerdo presentado por las diputadas y diputados de los grupos parlamentarios &#8220;Alianza Coahuila&#8221;, mediante el cual exhortaron a la Secretar\u00eda de Educaci\u00f3n P\u00fablica del gobierno federal, para que fortalezca las medidas de implementaci\u00f3n y seguimiento de los lineamientos para el protocolo de erradicaci\u00f3n del acoso escolar en educaci\u00f3n b\u00e1sica para todo el pa\u00eds.<\/p>\n\n\n\n<p>De acuerdo con el citado dictamen de la Comisi\u00f3n de Educaci\u00f3n, Cultura, Familias, Desarrollo Humano y Actividades C\u00edvicas, el acoso escolar puede manifestarse por medio de violencia f\u00edsica, psicol\u00f3gica, sexual, acoso o \u201cciberacoso\u201d. Entre las principales consecuencias para las v\u00edctimas se encuentran los da\u00f1os f\u00edsicos y psicol\u00f3gicos que generan baja autoestima, disminuci\u00f3n del rendimiento escolar, depresi\u00f3n, entre otras m\u00e1s.<\/p>\n\n\n\n<p>Asimismo, el dictamen que contiene el punto de acuerdo menciona que M\u00e9xico encabeza el top 10 de pa\u00edses con mayor n\u00famero de casos reportados de acoso escolar, de acuerdo con las estad\u00edsticas mundiales de la organizaci\u00f3n Bullying Sin Fronteras. Son muchos los factores que convergen en la prevenci\u00f3n, identificaci\u00f3n y erradicaci\u00f3n de la violencia, por eso es imperante favorecer el sistema de educaci\u00f3n b\u00e1sica y dotarlo de herramientas que le permitan cumplir con su prop\u00f3sito de educar a las ni\u00f1as, ni\u00f1os y adolescentes.<\/p>\n\n\n\n<p>La violencia escolar se est\u00e1 multiplicando en el pa\u00eds, siendo indispensable que la Secretar\u00eda de Educaci\u00f3n P\u00fablica federal, como ente rector de la pol\u00edtica educativa, fortalezca los planes, acciones y medidas para prevenir, erradicar y atender esta situaci\u00f3n, as\u00ed como proteger los derechos de la infancia a recibir educaci\u00f3n en un entorno de paz y desarrollo.<\/p>\n","protected":false},"excerpt":{"rendered":"<p>Saltillo, Coahuila, 29 de junio de 2024.- En sesi\u00f3n del Congreso del Estado se aprob\u00f3 un dictamen relativo a punto de acuerdo presentado por las diputadas y diputados de los grupos parlamentarios &#8220;Alianza Coahuila&#8221;, mediante el cual exhortaron a la Secretar\u00eda de Educaci\u00f3n P\u00fablica del gobierno federal, para que fortalezca las medidas de implementaci\u00f3n y [&hellip;]<\/p>\n","protected":false},"author":1,"featured_media":6733,"comment_status":"open","ping_status":"open","sticky":false,"template":"","format":"standard","meta":{"_monsterinsights_skip_tracking":false,"_monsterinsights_sitenote_active":false,"_monsterinsights_sitenote_note":"","_monsterinsights_sitenote_category":0,"footnotes":""},"categories":[1],"tags":[],"_links":{"self":[{"href":"https:\/\/zonalimitrofe-cbnr.com\/index.php\/wp-json\/wp\/v2\/posts\/6732"}],"collection":[{"href":"https:\/\/zonalimitrofe-cbnr.com\/index.php\/wp-json\/wp\/v2\/posts"}],"about":[{"href":"https:\/\/zonalimitrofe-cbnr.com\/index.php\/wp-json\/wp\/v2\/types\/post"}],"author":[{"embeddable":true,"href":"https:\/\/zonalimitrofe-cbnr.com\/index.php\/wp-json\/wp\/v2\/users\/1"}],"replies":[{"embeddable":true,"href":"https:\/\/zonalimitrofe-cbnr.com\/index.php\/wp-json\/wp\/v2\/comments?post=6732"}],"version-history":[{"count":1,"href":"https:\/\/zonalimitrofe-cbnr.com\/index.php\/wp-json\/wp\/v2\/posts\/6732\/revisions"}],"predecessor-version":[{"id":6734,"href":"https:\/\/zonalimitrofe-cbnr.com\/index.php\/wp-json\/wp\/v2\/posts\/6732\/revisions\/6734"}],"wp:featuredmedia":[{"embeddable":true,"href":"https:\/\/zonalimitrofe-cbnr.com\/index.php\/wp-json\/wp\/v2\/media\/6733"}],"wp:attachment":[{"href":"https:\/\/zonalimitrofe-cbnr.com\/index.php\/wp-json\/wp\/v2\/media?parent=6732"}],"wp:term":[{"taxonomy":"category","embeddable":true,"href":"https:\/\/zonalimitrofe-cbnr.com\/index.php\/wp-json\/wp\/v2\/categories?post=6732"},{"taxonomy":"post_tag","embeddable":true,"href":"https:\/\/zonalimitrofe-cbnr.com\/index.php\/wp-json\/wp\/v2\/tags?post=6732"}],"curies":[{"name":"wp","href":"https:\/\/api.w.org\/{rel}","templated":true}]}}