{"id":6723,"date":"2024-06-28T17:38:46","date_gmt":"2024-06-28T23:38:46","guid":{"rendered":"https:\/\/zonalimitrofe-cbnr.com\/?p=6723"},"modified":"2024-06-28T17:38:47","modified_gmt":"2024-06-28T23:38:47","slug":"coahuila-realiza-iec-premiacion-del-concurso-de-fotografia-una-mirada-inclusiva-e-igualitaria","status":"publish","type":"post","link":"https:\/\/zonalimitrofe-cbnr.com\/index.php\/2024\/06\/28\/coahuila-realiza-iec-premiacion-del-concurso-de-fotografia-una-mirada-inclusiva-e-igualitaria\/","title":{"rendered":"#Coahuila. Realiza IEC premiaci\u00f3n del Concurso de Fotograf\u00eda \u201cUna mirada inclusiva e igualitaria\u201d"},"content":{"rendered":"\n<p>El Instituto Electoral de Coahuila llev\u00f3 a cabo este viernes 28 de junio la premiaci\u00f3n del Concurso de Fotograf\u00eda \u201cUna mirada inclusiva e igualitaria\u201d, en el que se reconoci\u00f3 el talento de las y los participantes de todas las regiones del estado.<\/p>\n\n\n\n<p>El objetivo del certamen fue el de brindar un espacio de expresi\u00f3n que promoviera y reflejara la cultura de la participaci\u00f3n ciudadana en la Jornada Electoral del pasado 02 de junio de 2024. Pod\u00edan participar las ciudadanas y ciudadanos del estado de Coahuila de 18 a\u00f1os de edad en adelante, especialistas o no en el arte de la fotograf\u00eda digital.<\/p>\n\n\n\n<p>Durante el periodo del 02 al 07 de junio del presente a\u00f1o, el IEC recibi\u00f3 83 fotograf\u00edas provenientes de 19 municipios de las cinco regiones del estado, las cuales fueron evaluadas por un jurado compuesto por la Comisi\u00f3n de Participaci\u00f3n Ciudadana, la Comisi\u00f3n de Paridad e Inclusi\u00f3n y la Direcci\u00f3n Ejecutiva de Comunicaci\u00f3n Social del IEC.<\/p>\n\n\n\n<p>El concurso se dividi\u00f3 en dos categor\u00edas: 18 a 28 a\u00f1os y A partir de 30 a\u00f1os. En cada una de ellas se premi\u00f3 a los tres primeros lugares y seis menciones honor\u00edficas. Los premios fueron en efectivo, desde $2,500.00 hasta $7,500.00.<\/p>\n","protected":false},"excerpt":{"rendered":"<p>El Instituto Electoral de Coahuila llev\u00f3 a cabo este viernes 28 de junio la premiaci\u00f3n del Concurso de Fotograf\u00eda \u201cUna mirada inclusiva e igualitaria\u201d, en el que se reconoci\u00f3 el talento de las y los participantes de todas las regiones del estado. El objetivo del certamen fue el de brindar un espacio de expresi\u00f3n que [&hellip;]<\/p>\n","protected":false},"author":1,"featured_media":6724,"comment_status":"open","ping_status":"open","sticky":false,"template":"","format":"standard","meta":{"_monsterinsights_skip_tracking":false,"_monsterinsights_sitenote_active":false,"_monsterinsights_sitenote_note":"","_monsterinsights_sitenote_category":0,"footnotes":""},"categories":[1],"tags":[],"_links":{"self":[{"href":"https:\/\/zonalimitrofe-cbnr.com\/index.php\/wp-json\/wp\/v2\/posts\/6723"}],"collection":[{"href":"https:\/\/zonalimitrofe-cbnr.com\/index.php\/wp-json\/wp\/v2\/posts"}],"about":[{"href":"https:\/\/zonalimitrofe-cbnr.com\/index.php\/wp-json\/wp\/v2\/types\/post"}],"author":[{"embeddable":true,"href":"https:\/\/zonalimitrofe-cbnr.com\/index.php\/wp-json\/wp\/v2\/users\/1"}],"replies":[{"embeddable":true,"href":"https:\/\/zonalimitrofe-cbnr.com\/index.php\/wp-json\/wp\/v2\/comments?post=6723"}],"version-history":[{"count":1,"href":"https:\/\/zonalimitrofe-cbnr.com\/index.php\/wp-json\/wp\/v2\/posts\/6723\/revisions"}],"predecessor-version":[{"id":6725,"href":"https:\/\/zonalimitrofe-cbnr.com\/index.php\/wp-json\/wp\/v2\/posts\/6723\/revisions\/6725"}],"wp:featuredmedia":[{"embeddable":true,"href":"https:\/\/zonalimitrofe-cbnr.com\/index.php\/wp-json\/wp\/v2\/media\/6724"}],"wp:attachment":[{"href":"https:\/\/zonalimitrofe-cbnr.com\/index.php\/wp-json\/wp\/v2\/media?parent=6723"}],"wp:term":[{"taxonomy":"category","embeddable":true,"href":"https:\/\/zonalimitrofe-cbnr.com\/index.php\/wp-json\/wp\/v2\/categories?post=6723"},{"taxonomy":"post_tag","embeddable":true,"href":"https:\/\/zonalimitrofe-cbnr.com\/index.php\/wp-json\/wp\/v2\/tags?post=6723"}],"curies":[{"name":"wp","href":"https:\/\/api.w.org\/{rel}","templated":true}]}}