{"id":6633,"date":"2024-06-25T18:05:18","date_gmt":"2024-06-26T00:05:18","guid":{"rendered":"https:\/\/zonalimitrofe-cbnr.com\/?p=6633"},"modified":"2024-06-25T18:05:18","modified_gmt":"2024-06-26T00:05:18","slug":"congresocoahuila-concluye-congreso-del-estado-primer-periodo-ordinario-e-instalan-diputacion-permanente","status":"publish","type":"post","link":"https:\/\/zonalimitrofe-cbnr.com\/index.php\/2024\/06\/25\/congresocoahuila-concluye-congreso-del-estado-primer-periodo-ordinario-e-instalan-diputacion-permanente\/","title":{"rendered":"#CongresoCoahuila. Concluye Congreso del Estado primer periodo ordinario e instalan Diputaci\u00f3n Permanente"},"content":{"rendered":"\n<p>Saltillo, Coahuila a 25 de junio de 2024.- El Congreso del Estado de Coahuila concluy\u00f3 el Primer Periodo Ordinario de Sesiones, del Primer A\u00f1o de Ejercicio Constitucional de la Sexag\u00e9sima Tercera Legislatura, en el cual se present\u00f3 la Agenda Legislativa conjunta, asimismo, mediante puntos de acuerdo, iniciativas y pronunciamientos se atendieron temas sociales en materia de salud, educaci\u00f3n, empleo, derechos humanos, as\u00ed como problem\u00e1ticas espec\u00edficas como las fallas en el suministro de la energ\u00eda el\u00e9ctrica.<\/p>\n\n\n\n<p>Asimismo el Congreso del Estado se sum\u00f3 a la conmemoraci\u00f3n del D\u00eda Mundial de Concientizaci\u00f3n sobre el Autismo, D\u00eda Internacional de la Mujer, el 100 aniversario de la \u201cUniversidad Aut\u00f3noma Agraria \u201cAntonio Narro\u201d, el Bicentenario Coahuila-Texas, y esta semana por el D\u00eda Internacional del Orgullo LGBT+.<\/p>\n\n\n\n<p>En este periodo que comprende los meses de marzo, abril, mayo y junio, destaca tambi\u00e9n la presentaci\u00f3n de las primeras iniciativas de la presente legislatura y se llev\u00f3 a cabo el an\u00e1lisis de diferentes proyectos de reformas que ser\u00e1n presentadas en el segundo periodo ordinario que iniciar\u00e1 en septiembre, entre lo que destaca la abrogaci\u00f3n de leyes, homologaci\u00f3n de la normativa federal con la estatal, as\u00ed como otras mejoras al marco normativo.<\/p>\n\n\n\n<p>Por lo anterior, en el segundo periodo ordinario se espera la presentaci\u00f3n de un mayor n\u00famero de iniciativas, as\u00ed como concretar diferentes reformas en los \u00faltimos cuatro meses de este 2024.<\/p>\n\n\n\n<p>Cabe mencionar que durante la sesi\u00f3n de este martes, se realiz\u00f3 la clausura del Primer Periodo Ordinario de Sesiones, y posteriormente se hizo la declaratoria de la instalaci\u00f3n de la Diputaci\u00f3n Permanente que estar\u00e1 en funciones durante los meses de julio y agosto de 2024, en la cual se desempe\u00f1ar\u00e1 como presidenta la diputada Beatriz Eugenia Frausto D\u00e1vila, y se integrar\u00e1 de la siguiente manera:<\/p>\n\n\n\n<p>Cargo Propietario Suplente<\/p>\n\n\n\n<p>Presidencia: Beatriz Eugenia Fraustro D\u00e1vila Guillermo Ruiz Guerra<\/p>\n\n\n\n<p>Vicepresidencia: Gerardo Abraham Aguado G\u00f3mez Blanca Rub\u00ed Lamas Vel\u00e1zquez<\/p>\n\n\n\n<p>Secretar\u00eda: Jos\u00e9 Alberto Hurtado Vera Antonio Attolini Murra<\/p>\n\n\n\n<p>Secretar\u00eda: Norma Garc\u00eda Mariscal Olivia Mart\u00ednez Leyva<\/p>\n\n\n\n<p>Vocal\u00eda: Ra\u00fal Onofre Contreras Sergio Zen\u00f3n Vel\u00e1zquez V\u00e1zquez<\/p>\n\n\n\n<p>Vocal\u00eda: Claudia Elizabeth Aldrete Garc\u00eda Jes\u00fas Alfredo Paredes L\u00f3pez<\/p>\n\n\n\n<p>Vocal\u00eda: Magaly Hern\u00e1ndez Aguirre Delia Aurora Hern\u00e1ndez Alvarado<\/p>\n\n\n\n<p>Vocal\u00eda: Felipe Eduardo Gonz\u00e1lez Miranda Mar\u00eda Guadalupe Oyervides Valdez<\/p>\n\n\n\n<p>Vocal\u00eda Jorge Arturo Vald\u00e9s Flores Antonio Flores Guerra<\/p>\n\n\n\n<p>Vocal\u00eda Edna Ileana D\u00e1valos Elizondo \u00c1lvaro Moreira Vald\u00e9s<\/p>\n\n\n\n<p>Vocal\u00eda Mar\u00eda del Mar Trevi\u00f1o Garza Luz Elena Guadalupe Morales N\u00fa\u00f1ez<\/p>\n","protected":false},"excerpt":{"rendered":"<p>Saltillo, Coahuila a 25 de junio de 2024.- El Congreso del Estado de Coahuila concluy\u00f3 el Primer Periodo Ordinario de Sesiones, del Primer A\u00f1o de Ejercicio Constitucional de la Sexag\u00e9sima Tercera Legislatura, en el cual se present\u00f3 la Agenda Legislativa conjunta, asimismo, mediante puntos de acuerdo, iniciativas y pronunciamientos se atendieron temas sociales en materia [&hellip;]<\/p>\n","protected":false},"author":1,"featured_media":6634,"comment_status":"open","ping_status":"open","sticky":false,"template":"","format":"standard","meta":{"_monsterinsights_skip_tracking":false,"_monsterinsights_sitenote_active":false,"_monsterinsights_sitenote_note":"","_monsterinsights_sitenote_category":0,"footnotes":""},"categories":[1],"tags":[],"_links":{"self":[{"href":"https:\/\/zonalimitrofe-cbnr.com\/index.php\/wp-json\/wp\/v2\/posts\/6633"}],"collection":[{"href":"https:\/\/zonalimitrofe-cbnr.com\/index.php\/wp-json\/wp\/v2\/posts"}],"about":[{"href":"https:\/\/zonalimitrofe-cbnr.com\/index.php\/wp-json\/wp\/v2\/types\/post"}],"author":[{"embeddable":true,"href":"https:\/\/zonalimitrofe-cbnr.com\/index.php\/wp-json\/wp\/v2\/users\/1"}],"replies":[{"embeddable":true,"href":"https:\/\/zonalimitrofe-cbnr.com\/index.php\/wp-json\/wp\/v2\/comments?post=6633"}],"version-history":[{"count":1,"href":"https:\/\/zonalimitrofe-cbnr.com\/index.php\/wp-json\/wp\/v2\/posts\/6633\/revisions"}],"predecessor-version":[{"id":6635,"href":"https:\/\/zonalimitrofe-cbnr.com\/index.php\/wp-json\/wp\/v2\/posts\/6633\/revisions\/6635"}],"wp:featuredmedia":[{"embeddable":true,"href":"https:\/\/zonalimitrofe-cbnr.com\/index.php\/wp-json\/wp\/v2\/media\/6634"}],"wp:attachment":[{"href":"https:\/\/zonalimitrofe-cbnr.com\/index.php\/wp-json\/wp\/v2\/media?parent=6633"}],"wp:term":[{"taxonomy":"category","embeddable":true,"href":"https:\/\/zonalimitrofe-cbnr.com\/index.php\/wp-json\/wp\/v2\/categories?post=6633"},{"taxonomy":"post_tag","embeddable":true,"href":"https:\/\/zonalimitrofe-cbnr.com\/index.php\/wp-json\/wp\/v2\/tags?post=6633"}],"curies":[{"name":"wp","href":"https:\/\/api.w.org\/{rel}","templated":true}]}}