{"id":6617,"date":"2024-06-25T17:51:51","date_gmt":"2024-06-25T23:51:51","guid":{"rendered":"https:\/\/zonalimitrofe-cbnr.com\/?p=6617"},"modified":"2024-06-25T17:51:52","modified_gmt":"2024-06-25T23:51:52","slug":"uadec-firman-directores-de-las-tres-unidades-el-compromiso-3-de-3-contra-la-violencia-de-genero-al-interior-de-la-uadec","status":"publish","type":"post","link":"https:\/\/zonalimitrofe-cbnr.com\/index.php\/2024\/06\/25\/uadec-firman-directores-de-las-tres-unidades-el-compromiso-3-de-3-contra-la-violencia-de-genero-al-interior-de-la-uadec\/","title":{"rendered":"#UAdeC. Firman Directores de las Tres Unidades el \u201cCompromiso 3 de 3 contra la Violencia de G\u00e9nero al interior de la UAdeC\u201d"},"content":{"rendered":"\n<p>SALTILLO, Coahuila. 25 de junio de 2024. Como parte de las actividades de la Agenda Mujeres de la Universidad Aut\u00f3noma de Coahuila, las y los directores de las diversas Escuelas, Facultades e Institutos, as\u00ed como los titulares de las coordinaciones de las tres unidades, firmaron el \u201cCompromiso 3 de 3 contra la violencia de g\u00e9nero al interior de la UAdeC\u201d.<\/p>\n\n\n\n<p>Dicho acto se llev\u00f3 a cabo en las Unidades, Saltillo, Torre\u00f3n y Norte, con la presencia del rector de la m\u00e1xima casa de estudios, Octavio Pimentel Mart\u00ednez, la titular de la Secretar\u00eda de la Mujer en Coahuila, Mayra Vald\u00e9s Gonz\u00e1lez, la directora general del Centro de Justicia y Empoderamiento de las Mujeres, Deyanira N\u00e1jera Mu\u00f1oz.<\/p>\n\n\n\n<p>Adem\u00e1s, los coordinadores de Unidad Torre\u00f3n y Norte, Sandra L\u00f3pez Chavarr\u00eda y Luis Carlos Talamantes Arredondo, respectivamente, la coordinadora de Igualdad de G\u00e9nero, Lorena Medina Bocanegra, la titular del Tribunal Universitario, Nadia Salas Carrillo, la subsecretaria de las Mujeres del estado de Coahuila, Maribel Araceli Rodr\u00edguez Ram\u00edrez y los presidentes de las Academias de Directores de Saltillo y Torre\u00f3n, Dar\u00edo Aguill\u00f3n y Grace Aileen Ruiz.<\/p>\n\n\n\n<p>En su intervenci\u00f3n, la coordinadora de Igualdad de G\u00e9nero, Lorena Medina Bocanegra, explic\u00f3 que la Ley 3 de 3 proh\u00edbe ocupar cargos de representaci\u00f3n popular, ni ser funcionarios p\u00fablicos a quienes hayan sido sentenciados por violencia familiar, delitos sexuales y a los morosos en el pago de pensiones alimentarias.<\/p>\n\n\n\n<p>El rector de la m\u00e1xima casa de estudios, Octavio Pimentel Mart\u00ednez, dijo que es una gran responsabilidad trabajar y potencializar el desarrollo de las y de los universitarios, pero sobre todo garantizar el desarrollo de todas y cada una de las mujeres universitarias: \u201cYa lo dije una vez en campa\u00f1a y lo dije en mi toma de protesta y lo vuelvo a decir, el que se mete con una se mete con toda la manada, vamos a apoyar a todas las mujeres, vamos a apoyar a todas las universitarias con hechos no con palabras, no con ejercicios vanos sino con acciones contundentes\u201d.<\/p>\n\n\n\n<p>Por su parte, la titular de la Secretar\u00eda de la Mujer en Coahuila, Mayra Vald\u00e9s Gonz\u00e1lez, dijo que la prevenci\u00f3n y atenci\u00f3n de la violencia contra las mujeres se debe enfrentar desde varios espacios sumando esfuerzos para combatirla y erradicarla, por ello, felicit\u00f3 a la Universidad Aut\u00f3noma de Coahuila por asumir este compromiso de manera transversal y al rector Octavio Pimentel Mart\u00ednez por impulsar esta iniciativa, as\u00ed como a las y los directores por tener la voluntad de sumarse.<\/p>\n\n\n\n<p>Mientras que, la directora del Centro de Justicia y Empoderamiento de las Mujeres, Deyanira N\u00e1jera Mu\u00f1oz, reconoci\u00f3 la labor que realiza la Universidad Aut\u00f3noma de Coahuila y afirm\u00f3 que es un precedente de un gran compromiso de que la violencia no se tolera en ninguna de las formas dentro de la UAdeC.<\/p>\n","protected":false},"excerpt":{"rendered":"<p>SALTILLO, Coahuila. 25 de junio de 2024. Como parte de las actividades de la Agenda Mujeres de la Universidad Aut\u00f3noma de Coahuila, las y los directores de las diversas Escuelas, Facultades e Institutos, as\u00ed como los titulares de las coordinaciones de las tres unidades, firmaron el \u201cCompromiso 3 de 3 contra la violencia de g\u00e9nero [&hellip;]<\/p>\n","protected":false},"author":1,"featured_media":6618,"comment_status":"open","ping_status":"open","sticky":false,"template":"","format":"standard","meta":{"_monsterinsights_skip_tracking":false,"_monsterinsights_sitenote_active":false,"_monsterinsights_sitenote_note":"","_monsterinsights_sitenote_category":0,"footnotes":""},"categories":[1],"tags":[],"_links":{"self":[{"href":"https:\/\/zonalimitrofe-cbnr.com\/index.php\/wp-json\/wp\/v2\/posts\/6617"}],"collection":[{"href":"https:\/\/zonalimitrofe-cbnr.com\/index.php\/wp-json\/wp\/v2\/posts"}],"about":[{"href":"https:\/\/zonalimitrofe-cbnr.com\/index.php\/wp-json\/wp\/v2\/types\/post"}],"author":[{"embeddable":true,"href":"https:\/\/zonalimitrofe-cbnr.com\/index.php\/wp-json\/wp\/v2\/users\/1"}],"replies":[{"embeddable":true,"href":"https:\/\/zonalimitrofe-cbnr.com\/index.php\/wp-json\/wp\/v2\/comments?post=6617"}],"version-history":[{"count":1,"href":"https:\/\/zonalimitrofe-cbnr.com\/index.php\/wp-json\/wp\/v2\/posts\/6617\/revisions"}],"predecessor-version":[{"id":6619,"href":"https:\/\/zonalimitrofe-cbnr.com\/index.php\/wp-json\/wp\/v2\/posts\/6617\/revisions\/6619"}],"wp:featuredmedia":[{"embeddable":true,"href":"https:\/\/zonalimitrofe-cbnr.com\/index.php\/wp-json\/wp\/v2\/media\/6618"}],"wp:attachment":[{"href":"https:\/\/zonalimitrofe-cbnr.com\/index.php\/wp-json\/wp\/v2\/media?parent=6617"}],"wp:term":[{"taxonomy":"category","embeddable":true,"href":"https:\/\/zonalimitrofe-cbnr.com\/index.php\/wp-json\/wp\/v2\/categories?post=6617"},{"taxonomy":"post_tag","embeddable":true,"href":"https:\/\/zonalimitrofe-cbnr.com\/index.php\/wp-json\/wp\/v2\/tags?post=6617"}],"curies":[{"name":"wp","href":"https:\/\/api.w.org\/{rel}","templated":true}]}}