{"id":6608,"date":"2024-06-25T17:41:20","date_gmt":"2024-06-25T23:41:20","guid":{"rendered":"https:\/\/zonalimitrofe-cbnr.com\/?p=6608"},"modified":"2024-06-25T17:41:21","modified_gmt":"2024-06-25T23:41:21","slug":"durango-escucha-tu-corazon-promueve-dif-estatal-el-acogimiento-temporal-de-ninos-entre-familias-duranguenses","status":"publish","type":"post","link":"https:\/\/zonalimitrofe-cbnr.com\/index.php\/2024\/06\/25\/durango-escucha-tu-corazon-promueve-dif-estatal-el-acogimiento-temporal-de-ninos-entre-familias-duranguenses\/","title":{"rendered":"#Durango. \u201cEscucha tu coraz\u00f3n\u201d; promueve DIF Estatal el acogimiento temporal de ni\u00f1os entre familias duranguenses*"},"content":{"rendered":"\n<ul>\n<li><em>Con la exposici\u00f3n de cuatro testimonios, concluy\u00f3 la Semana Estatal de Acogimiento Familiar, cuyo objetivo fue incrementar el inter\u00e9s en el programa.<\/em><\/li>\n\n\n\n<li><em>Laura Cecilia Rodr\u00edguez Franco, titular de la Procuradur\u00eda de Protecci\u00f3n de Ni\u00f1as, Ni\u00f1os y Adolescentes destac\u00f3 el inter\u00e9s del gobernador Esteban Villegas Villarreal y su esposa Marisol Rosso Rivera, en atender las necesidades de todos los menores de edad.<\/em><\/li>\n<\/ul>\n\n\n\n<p>Con la emotiva exposici\u00f3n de testimonios \u201cEscucha tu Coraz\u00f3n\u201d concluy\u00f3 la Semana Estatal de Acogimiento Familiar, esquema que promueve el albergue temporal para ni\u00f1os de la Casa Hogar del DIF Estatal, sin que necesariamente se llegue a la adopci\u00f3n.<\/p>\n\n\n\n<p>Fueron cuatro las familias que compartieron su experiencia, con el acogimiento de peque\u00f1os desde los dos meses de nacidos, hasta adolescentes, con quienes han tenido la oportunidad de compartir no solo un techo, cama y alimento, sino el amor que tanto necesitan.<\/p>\n\n\n\n<p>\u201cHoy finalizamos esta semana de promoci\u00f3n de familias de acogida y para m\u00ed es un gusto ver a muchas personas presentes, pero, sobre todo, ver a las familias de acogida activas, a esos h\u00e9roes sin capa que tienen mi m\u00e1s grande reconocimiento y el de la se\u00f1ora Marisol Rosso\u201d, manifest\u00f3 Laura Cecilia Rodr\u00edguez Franco, titular de la Procuradur\u00eda de Protecci\u00f3n de Ni\u00f1as, Ni\u00f1os y Adolescentes.<\/p>\n\n\n\n<p>Actualmente hay 162 ni\u00f1as, ni\u00f1os y adolescentes en Casa Hogar y 50 ni\u00f1as y adolescentes en Centro Mi Casa, quienes est\u00e1n deseosos de recibir amor y tener una oportunidad para cambiar sus vidas.<\/p>\n\n\n\n<p>Asimismo, hay 40 familias certificadas para participar en el acogimiento, de las cuales, 18 se encuentran activas, con un total de 21 ni\u00f1as, ni\u00f1os y adolescentes beneficiados por el programa.<\/p>\n\n\n\n<p>Para el gobernador Esteban Villegas Villarreal y su esposa Marisol Rosso Rivera, es prioridad el bienestar de todas las ni\u00f1as, ni\u00f1os y adolescentes, de ah\u00ed la relevancia de llevar a cabo este tipo de actividades.<\/p>\n\n\n\n<p>Los primeros en compartir su experiencia fueron Diana y Bernardo, quienes han tenido la oportunidad de albergar a tres ni\u00f1as, una de las cuales, a\u00fan se encuentra con ellos, mientras otra era de ascendencia ind\u00edgena y hablaba poco espa\u00f1ol, lo que result\u00f3 todo un reto.<\/p>\n\n\n\n<p>En tanto, Norma y Ram\u00f3n, padres de tres hijos biol\u00f3gicos, platicaron como surgi\u00f3 su inter\u00e9s por participar en el programa, su proceso de certificaci\u00f3n y posterior recibimiento de una beb\u00e9 de nueve meses, lo que les ha permitido pasar de ser una \u201cfamilia ordinaria a una familia extraordinaria\u201d.<\/p>\n\n\n\n<p>La se\u00f1ora Hayde\u00e9 comparti\u00f3 su interesante experiencia con el acogimiento de un adolescente de 15 a\u00f1os de edad, con quien ha tenido que trabajar mucho para ayudarle a dejar atr\u00e1s el enojo y la tristeza que tra\u00eda en su coraz\u00f3n.<\/p>\n\n\n\n<p>Madre soltera de un hijo biol\u00f3gico de 10 a\u00f1os, cont\u00f3 c\u00f3mo fue que tom\u00f3 la decisi\u00f3n de albergar a un adolescente conocido en Casa Hogar por ser inquieto y travieso, aunque tambi\u00e9n con mucha necesidad de recibir amor y ganas de darlo.<\/p>\n\n\n\n<p>Por su parte, el se\u00f1or Josu\u00e9, procedente de G\u00f3mez Palacio, admiti\u00f3 que en un principio estaba en contra del programa y cre\u00eda que era una estrategia que no iba a funcionar, sin embargo, al ver la necesidad que hay en muchos infantes de recibir amor, cuando menos una semana, se dio cuenta de lo importante de apoyar.<\/p>\n\n\n\n<p>Las familias que compartieron su testimonio coincidieron en que no se necesita vivir en la opulencia para sumarse a este proyecto. Los ni\u00f1os que se encuentran en Casa Hogar solo necesitan abrazos, apapachos y un respaldo que ayude a fortalecer su futuro.<\/p>\n\n\n\n<p>Para los interesados en formar parte del programa familias de acogida , DIF Estatal pone a disposici\u00f3n la l\u00ednea 6181379124 en horario de oficina.<\/p>\n","protected":false},"excerpt":{"rendered":"<p>Con la emotiva exposici\u00f3n de testimonios \u201cEscucha tu Coraz\u00f3n\u201d concluy\u00f3 la Semana Estatal de Acogimiento Familiar, esquema que promueve el albergue temporal para ni\u00f1os de la Casa Hogar del DIF Estatal, sin que necesariamente se llegue a la adopci\u00f3n. Fueron cuatro las familias que compartieron su experiencia, con el acogimiento de peque\u00f1os desde los dos [&hellip;]<\/p>\n","protected":false},"author":1,"featured_media":6609,"comment_status":"open","ping_status":"open","sticky":false,"template":"","format":"standard","meta":{"_monsterinsights_skip_tracking":false,"_monsterinsights_sitenote_active":false,"_monsterinsights_sitenote_note":"","_monsterinsights_sitenote_category":0,"footnotes":""},"categories":[1],"tags":[],"_links":{"self":[{"href":"https:\/\/zonalimitrofe-cbnr.com\/index.php\/wp-json\/wp\/v2\/posts\/6608"}],"collection":[{"href":"https:\/\/zonalimitrofe-cbnr.com\/index.php\/wp-json\/wp\/v2\/posts"}],"about":[{"href":"https:\/\/zonalimitrofe-cbnr.com\/index.php\/wp-json\/wp\/v2\/types\/post"}],"author":[{"embeddable":true,"href":"https:\/\/zonalimitrofe-cbnr.com\/index.php\/wp-json\/wp\/v2\/users\/1"}],"replies":[{"embeddable":true,"href":"https:\/\/zonalimitrofe-cbnr.com\/index.php\/wp-json\/wp\/v2\/comments?post=6608"}],"version-history":[{"count":1,"href":"https:\/\/zonalimitrofe-cbnr.com\/index.php\/wp-json\/wp\/v2\/posts\/6608\/revisions"}],"predecessor-version":[{"id":6610,"href":"https:\/\/zonalimitrofe-cbnr.com\/index.php\/wp-json\/wp\/v2\/posts\/6608\/revisions\/6610"}],"wp:featuredmedia":[{"embeddable":true,"href":"https:\/\/zonalimitrofe-cbnr.com\/index.php\/wp-json\/wp\/v2\/media\/6609"}],"wp:attachment":[{"href":"https:\/\/zonalimitrofe-cbnr.com\/index.php\/wp-json\/wp\/v2\/media?parent=6608"}],"wp:term":[{"taxonomy":"category","embeddable":true,"href":"https:\/\/zonalimitrofe-cbnr.com\/index.php\/wp-json\/wp\/v2\/categories?post=6608"},{"taxonomy":"post_tag","embeddable":true,"href":"https:\/\/zonalimitrofe-cbnr.com\/index.php\/wp-json\/wp\/v2\/tags?post=6608"}],"curies":[{"name":"wp","href":"https:\/\/api.w.org\/{rel}","templated":true}]}}