{"id":6599,"date":"2024-06-24T17:30:40","date_gmt":"2024-06-24T23:30:40","guid":{"rendered":"https:\/\/zonalimitrofe-cbnr.com\/?p=6599"},"modified":"2024-06-24T17:30:40","modified_gmt":"2024-06-24T23:30:40","slug":"uadec-se-unen-uadec-y-pronnif-para-la-proteccion-de-ninas-ninos-y-adolescentes","status":"publish","type":"post","link":"https:\/\/zonalimitrofe-cbnr.com\/index.php\/2024\/06\/24\/uadec-se-unen-uadec-y-pronnif-para-la-proteccion-de-ninas-ninos-y-adolescentes\/","title":{"rendered":"#UAdeC. Se Unen UAdeC y PRONNIF para la Protecci\u00f3n de Ni\u00f1as, Ni\u00f1os y Adolescentes"},"content":{"rendered":"\n<p>ARTEAGA, Coahuila. 24 de junio de 2024. La Universidad Aut\u00f3noma de Coahuila a trav\u00e9s de su Tribunal Universitario, firm\u00f3 un convenio de colaboraci\u00f3n con la Procuradur\u00eda para Ni\u00f1os, Ni\u00f1as y Familia (PRONNIF), esto con el objetivo de trabajar en conjunto para erradicar cualquier forma de violencia y garantizar la atenci\u00f3n de ni\u00f1as, ni\u00f1os y adolescentes.<\/p>\n\n\n\n<p>La ceremonia se llev\u00f3 a cabo en la Infoteca Campus Arteaga, donde el documento fue signado por el rector de la m\u00e1xima casa de estudios, Octavio Pimentel Mart\u00ednez y la procuradora de los Ni\u00f1os, Ni\u00f1as y Familia, Mar\u00eda Teresa Araiza, como testigos la titular del Tribunal Universitario, Nadia Salas Carrillo, funcionariado universitario y del gobierno municipal y estatal.<\/p>\n\n\n\n<p>En su mensaje, el Rector enfatiz\u00f3 en que se har\u00e1 todo lo necesario para erradicar la violencia en todos sus niveles, \u201cNo se dar\u00e1 un paso atr\u00e1s en materia de derechos humanos y en la erradicaci\u00f3n de la violencia, esto solo puede lograrse trabajando en equipo y generando conciencia, preparando a los universitarios en estos temas y con ello construir todos los d\u00edas una mejor sociedad con mejores seres humanos\u201d.<\/p>\n\n\n\n<p>Destac\u00f3 que es necesario que todos se sumen a este compromiso, para fortalecer las \u00e1reas de protecci\u00f3n y prevenci\u00f3n de la violencia, \u201cTenemos menores de edad en los bachilleratos y en algunas licenciaturas, por ello vamos a fortalecer al Tribunal y todo lo que tenga que hacerse en materia de prevenci\u00f3n de la violencia, trabajemos en equipo para contribuir a la protecci\u00f3n de ni\u00f1as, ni\u00f1os y adolescentes\u201d.<\/p>\n\n\n\n<p>Por su parte, la procuradora de Ni\u00f1os, Ni\u00f1as y Familia, Mar\u00eda Teresa Araiza, coment\u00f3 que trabajar de manera conjunta es la \u00fanica manera de proteger los derechos de ni\u00f1as, ni\u00f1os y adolescentes, por ello, felicit\u00f3 al rector Octavio Pimentel por impulsar este tipo de acciones para respetar y reconocer la dignidad de todo ser humano.<\/p>\n\n\n\n<p>Mientras que, la titular del Tribunal Universitario, Nadia Salas Carrillo, se\u00f1al\u00f3 que este es el inicio de un largo camino para generar sinergias con el objetivo de erradicar cualquier violencia, pues coment\u00f3 que con esta alianza se da un paso m\u00e1s para tener un futuro m\u00e1s justo y seguro para todas y todos, garantizando la atenci\u00f3n a ni\u00f1as, ni\u00f1os y adolescentes.<\/p>\n","protected":false},"excerpt":{"rendered":"<p>ARTEAGA, Coahuila. 24 de junio de 2024. La Universidad Aut\u00f3noma de Coahuila a trav\u00e9s de su Tribunal Universitario, firm\u00f3 un convenio de colaboraci\u00f3n con la Procuradur\u00eda para Ni\u00f1os, Ni\u00f1as y Familia (PRONNIF), esto con el objetivo de trabajar en conjunto para erradicar cualquier forma de violencia y garantizar la atenci\u00f3n de ni\u00f1as, ni\u00f1os y adolescentes. [&hellip;]<\/p>\n","protected":false},"author":1,"featured_media":6600,"comment_status":"open","ping_status":"open","sticky":false,"template":"","format":"standard","meta":{"_monsterinsights_skip_tracking":false,"_monsterinsights_sitenote_active":false,"_monsterinsights_sitenote_note":"","_monsterinsights_sitenote_category":0,"footnotes":""},"categories":[1],"tags":[],"_links":{"self":[{"href":"https:\/\/zonalimitrofe-cbnr.com\/index.php\/wp-json\/wp\/v2\/posts\/6599"}],"collection":[{"href":"https:\/\/zonalimitrofe-cbnr.com\/index.php\/wp-json\/wp\/v2\/posts"}],"about":[{"href":"https:\/\/zonalimitrofe-cbnr.com\/index.php\/wp-json\/wp\/v2\/types\/post"}],"author":[{"embeddable":true,"href":"https:\/\/zonalimitrofe-cbnr.com\/index.php\/wp-json\/wp\/v2\/users\/1"}],"replies":[{"embeddable":true,"href":"https:\/\/zonalimitrofe-cbnr.com\/index.php\/wp-json\/wp\/v2\/comments?post=6599"}],"version-history":[{"count":1,"href":"https:\/\/zonalimitrofe-cbnr.com\/index.php\/wp-json\/wp\/v2\/posts\/6599\/revisions"}],"predecessor-version":[{"id":6601,"href":"https:\/\/zonalimitrofe-cbnr.com\/index.php\/wp-json\/wp\/v2\/posts\/6599\/revisions\/6601"}],"wp:featuredmedia":[{"embeddable":true,"href":"https:\/\/zonalimitrofe-cbnr.com\/index.php\/wp-json\/wp\/v2\/media\/6600"}],"wp:attachment":[{"href":"https:\/\/zonalimitrofe-cbnr.com\/index.php\/wp-json\/wp\/v2\/media?parent=6599"}],"wp:term":[{"taxonomy":"category","embeddable":true,"href":"https:\/\/zonalimitrofe-cbnr.com\/index.php\/wp-json\/wp\/v2\/categories?post=6599"},{"taxonomy":"post_tag","embeddable":true,"href":"https:\/\/zonalimitrofe-cbnr.com\/index.php\/wp-json\/wp\/v2\/tags?post=6599"}],"curies":[{"name":"wp","href":"https:\/\/api.w.org\/{rel}","templated":true}]}}