{"id":6592,"date":"2024-06-24T17:16:53","date_gmt":"2024-06-24T23:16:53","guid":{"rendered":"https:\/\/zonalimitrofe-cbnr.com\/?p=6592"},"modified":"2024-06-24T17:16:53","modified_gmt":"2024-06-24T23:16:53","slug":"durango-presenta-gobierno-de-esteban-programa-deportivo-para-disfrutar-en-la-fenadu-2024","status":"publish","type":"post","link":"https:\/\/zonalimitrofe-cbnr.com\/index.php\/2024\/06\/24\/durango-presenta-gobierno-de-esteban-programa-deportivo-para-disfrutar-en-la-fenadu-2024\/","title":{"rendered":"#Durango. Presenta Gobierno de Esteban programa deportivo para disfrutar en la FENADU 2024*"},"content":{"rendered":"\n<ul>\n<li><em>Se llevar\u00e1n a cabo torneos de atletismo, voleibol, lucha libre, b\u00e1squetbol, f\u00fatbol, deportes de contacto, caza, tiro y el tan esperado medio Marat\u00f3n Villista.<\/em><\/li>\n<\/ul>\n\n\n\n<p>La Feria Nacional Francisco Villista que se llevar\u00e1 a cabo del 19 de julio al 04 de agosto, tambi\u00e9n contar\u00e1 con espect\u00e1culos y eventos deportivos para todos los gustos, destac\u00f3 el director de Ferias, Espect\u00e1culos y Paseos Tur\u00edsticos, Lauro Arce Gallegos, al dar a conocer la cartelera deportiva con diferentes disciplinas.<\/p>\n\n\n\n<p>En conferencia de prensa, Arce Gallegos, detall\u00f3 que la mayor\u00eda de las actividades se realizar\u00e1n dentro de las instalaciones de la feria, ya que la cartelera deportiva, tiene mucha variedad con participaci\u00f3n de deportistas de otros estados.<\/p>\n\n\n\n<p>El director del Instituto Estatal del Deporte (IED), C\u00e9sar C\u00e1rdenas Reyes, invit\u00f3 a los duranguenses a participar en las diferentes disciplinas, ya que son actividades en donde todos los ciudadanos pueden inscribirse, con una propuesta de eventos muy robusta y para todos los gustos.<\/p>\n\n\n\n<p>La cartelera deportiva de FENADU 2024 incluye una serie de eventos emocionantes, dijo Natali Ay\u00f3n Guijarro, Coordinadora del \u00e1rea de Deportes de Feria, al enumerar las diversas actividades que se presentar\u00e1n como es el Master de Atletismo, que contar\u00e1 con 36 pruebas y se llevar\u00e1 a cabo del 18 al 21 de julio con la participaci\u00f3n de todos los estados de la Rep\u00fablica.<\/p>\n\n\n\n<p>Habr\u00e1 torneo de Voleibol de Playa, que se realizar\u00e1 del 18 al 21 de julio; el torneo de Voleibol de Sala que ser\u00e1 del 19 al 21 de julio, un recorrido con causa &#8220;Amor al Rescate&#8221; que tendr\u00e1 lugar el 20 de julio para recaudar fondos para ni\u00f1os con quemaduras y problemas de ortopedia.<\/p>\n\n\n\n<p>Simult\u00e1neamente, los d\u00edas 20, 21, 27 y 28 de julio, el Club de Caza y Tiro albergar\u00e1 el Torneo en modalidades como venado en movimiento, siluetas met\u00e1licas y tiradas con arco.<\/p>\n\n\n\n<p>El 24 de julio, el Lienzo Charro de la FENADU, ser\u00e1 escenario de una emocionante Funci\u00f3n de Lucha Libre con luchadores de la Triple A; del 26 al 28 de julio, ser\u00e1n los Torneos de B\u00e1squetbol Femenil de Primera Fuerza y el de F\u00fatbol de Playa.<\/p>\n\n\n\n<p>Para el 27 de julio se realizar\u00e1 el Torneo Campeones de la Ciudad, que incluye competencias de boxeo, artes marciales mixtas, kick boxing, taekwondo, jiu-jitsu y lucha grecorromana.<\/p>\n\n\n\n<p>Del 1 al 4 de agosto se disfrutar\u00e1 de la Copa Volc\u00e1n, un torneo internacional de handball de playa con la participaci\u00f3n de ocho estados de la republica y pa\u00edses invitados como Estados Unidos, Canad\u00e1 y Puerto Rico.<\/p>\n\n\n\n<p>Una de las actividades m\u00e1s esperadas es el Medio Marat\u00f3n &#8220;Villista&#8221;, una competencia atl\u00e9tica que abarca distancias de 5, 10 y 21 kil\u00f3metros, el cual, se llevar\u00e1 a cabo el 28 de julio a las 6:00 de la ma\u00f1ana, con salida y meta en la entrada principal de la FENADU.<\/p>\n\n\n\n<p>Las inscripciones est\u00e1n abiertas en Monchy\u2019s, Cordillera Trek, el Instituto Estatal del Deporte, el T\u00fanel de Miner\u00eda y la estaci\u00f3n del Telef\u00e9rico Calvario.<\/p>\n\n\n\n<p>La FENADU 2024 ofrecer\u00e1 una experiencia deportiva integral y diversa, perfecta para toda la familia, expres\u00f3 Lauro Arce al invitar a los duranguenses y visitantes a participar y disfrutar de estas actividades en un entorno seguro, inclusivo y lleno de diversi\u00f3n.<\/p>\n","protected":false},"excerpt":{"rendered":"<p>La Feria Nacional Francisco Villista que se llevar\u00e1 a cabo del 19 de julio al 04 de agosto, tambi\u00e9n contar\u00e1 con espect\u00e1culos y eventos deportivos para todos los gustos, destac\u00f3 el director de Ferias, Espect\u00e1culos y Paseos Tur\u00edsticos, Lauro Arce Gallegos, al dar a conocer la cartelera deportiva con diferentes disciplinas. En conferencia de prensa, [&hellip;]<\/p>\n","protected":false},"author":1,"featured_media":6593,"comment_status":"open","ping_status":"open","sticky":false,"template":"","format":"standard","meta":{"_monsterinsights_skip_tracking":false,"_monsterinsights_sitenote_active":false,"_monsterinsights_sitenote_note":"","_monsterinsights_sitenote_category":0,"footnotes":""},"categories":[1],"tags":[],"_links":{"self":[{"href":"https:\/\/zonalimitrofe-cbnr.com\/index.php\/wp-json\/wp\/v2\/posts\/6592"}],"collection":[{"href":"https:\/\/zonalimitrofe-cbnr.com\/index.php\/wp-json\/wp\/v2\/posts"}],"about":[{"href":"https:\/\/zonalimitrofe-cbnr.com\/index.php\/wp-json\/wp\/v2\/types\/post"}],"author":[{"embeddable":true,"href":"https:\/\/zonalimitrofe-cbnr.com\/index.php\/wp-json\/wp\/v2\/users\/1"}],"replies":[{"embeddable":true,"href":"https:\/\/zonalimitrofe-cbnr.com\/index.php\/wp-json\/wp\/v2\/comments?post=6592"}],"version-history":[{"count":1,"href":"https:\/\/zonalimitrofe-cbnr.com\/index.php\/wp-json\/wp\/v2\/posts\/6592\/revisions"}],"predecessor-version":[{"id":6594,"href":"https:\/\/zonalimitrofe-cbnr.com\/index.php\/wp-json\/wp\/v2\/posts\/6592\/revisions\/6594"}],"wp:featuredmedia":[{"embeddable":true,"href":"https:\/\/zonalimitrofe-cbnr.com\/index.php\/wp-json\/wp\/v2\/media\/6593"}],"wp:attachment":[{"href":"https:\/\/zonalimitrofe-cbnr.com\/index.php\/wp-json\/wp\/v2\/media?parent=6592"}],"wp:term":[{"taxonomy":"category","embeddable":true,"href":"https:\/\/zonalimitrofe-cbnr.com\/index.php\/wp-json\/wp\/v2\/categories?post=6592"},{"taxonomy":"post_tag","embeddable":true,"href":"https:\/\/zonalimitrofe-cbnr.com\/index.php\/wp-json\/wp\/v2\/tags?post=6592"}],"curies":[{"name":"wp","href":"https:\/\/api.w.org\/{rel}","templated":true}]}}