{"id":6571,"date":"2024-06-24T16:51:06","date_gmt":"2024-06-24T22:51:06","guid":{"rendered":"https:\/\/zonalimitrofe-cbnr.com\/?p=6571"},"modified":"2024-06-24T16:51:06","modified_gmt":"2024-06-24T22:51:06","slug":"clubsantos-jose-juan-macias-es-nuevo-delantero-de-los-guerreros","status":"publish","type":"post","link":"https:\/\/zonalimitrofe-cbnr.com\/index.php\/2024\/06\/24\/clubsantos-jose-juan-macias-es-nuevo-delantero-de-los-guerreros\/","title":{"rendered":"#ClubSantos. JOS\u00c9 JUAN MAC\u00cdAS ES NUEVO DELANTERO DE LOS GUERREROS"},"content":{"rendered":"\n<p>Club Santos Laguna integrar\u00e1 a sus filas al delantero Jos\u00e9 Juan Mac\u00edas Guzm\u00e1n.<\/p>\n\n\n\n<p>Jos\u00e9 Juan, de 24 a\u00f1os de edad y 1.80 m de estatura, naci\u00f3 el 22 de septiembre de 1999 en Guadalajara, Jalisco.<\/p>\n\n\n\n<p>El nuevo atacante albiverde realiz\u00f3 su proceso de Fuerzas B\u00e1sicas con Chivas, debutando en la Liga MX el 22 de julio de 2017. Con el conjunto rojiblanco, en tres etapas, disput\u00f3 un total de 76 partidos del torneo local, y conquist\u00f3 la Concacaf Champions League edici\u00f3n 2017-18.<\/p>\n\n\n\n<p>Mac\u00edas se sum\u00f3 al conjunto de Le\u00f3n en 2019, bajo la direcci\u00f3n t\u00e9cnica de Ignacio Ambriz. Con el cuadro esmeralda mantuvo una regularidad importante, anotando 19 goles en 38 duelos.<\/p>\n\n\n\n<p>El delantero tapat\u00edo vivi\u00f3 su primera experiencia internacional en la m\u00e1xima categor\u00eda de Espa\u00f1a, defendiendo la playera de Getafe Futbol Club, cuadro al que arrib\u00f3 en 2021 y en el que se mantuvo hasta inicios de 2022.<\/p>\n\n\n\n<p>En lo que respecta a Selecciones Nacionales Juveniles, vio actividad con los representativos Sub 18, Sub 20, Sub 21 y Sub 23, participando en diferentes cert\u00e1menes internacionales como el Torneo Maurice Revello 2018, los Juegos Centroamericanos y del Caribe 2018, Campeonato Sub 20 de la Concacaf 2018 y Preol\u00edmpico de la Concacaf 2020.<\/p>\n\n\n\n<p>El 2 de octubre de 2019 debut\u00f3 con la Selecci\u00f3n Mayor de M\u00e9xico, en partido amistoso frente a Trinidad y Tobago; en este compromiso marc\u00f3 su primer gol con el Tricolor.<\/p>\n","protected":false},"excerpt":{"rendered":"<p>Club Santos Laguna integrar\u00e1 a sus filas al delantero Jos\u00e9 Juan Mac\u00edas Guzm\u00e1n. Jos\u00e9 Juan, de 24 a\u00f1os de edad y 1.80 m de estatura, naci\u00f3 el 22 de septiembre de 1999 en Guadalajara, Jalisco. El nuevo atacante albiverde realiz\u00f3 su proceso de Fuerzas B\u00e1sicas con Chivas, debutando en la Liga MX el 22 de [&hellip;]<\/p>\n","protected":false},"author":1,"featured_media":6572,"comment_status":"open","ping_status":"open","sticky":false,"template":"","format":"standard","meta":{"_monsterinsights_skip_tracking":false,"_monsterinsights_sitenote_active":false,"_monsterinsights_sitenote_note":"","_monsterinsights_sitenote_category":0,"footnotes":""},"categories":[1],"tags":[],"_links":{"self":[{"href":"https:\/\/zonalimitrofe-cbnr.com\/index.php\/wp-json\/wp\/v2\/posts\/6571"}],"collection":[{"href":"https:\/\/zonalimitrofe-cbnr.com\/index.php\/wp-json\/wp\/v2\/posts"}],"about":[{"href":"https:\/\/zonalimitrofe-cbnr.com\/index.php\/wp-json\/wp\/v2\/types\/post"}],"author":[{"embeddable":true,"href":"https:\/\/zonalimitrofe-cbnr.com\/index.php\/wp-json\/wp\/v2\/users\/1"}],"replies":[{"embeddable":true,"href":"https:\/\/zonalimitrofe-cbnr.com\/index.php\/wp-json\/wp\/v2\/comments?post=6571"}],"version-history":[{"count":1,"href":"https:\/\/zonalimitrofe-cbnr.com\/index.php\/wp-json\/wp\/v2\/posts\/6571\/revisions"}],"predecessor-version":[{"id":6573,"href":"https:\/\/zonalimitrofe-cbnr.com\/index.php\/wp-json\/wp\/v2\/posts\/6571\/revisions\/6573"}],"wp:featuredmedia":[{"embeddable":true,"href":"https:\/\/zonalimitrofe-cbnr.com\/index.php\/wp-json\/wp\/v2\/media\/6572"}],"wp:attachment":[{"href":"https:\/\/zonalimitrofe-cbnr.com\/index.php\/wp-json\/wp\/v2\/media?parent=6571"}],"wp:term":[{"taxonomy":"category","embeddable":true,"href":"https:\/\/zonalimitrofe-cbnr.com\/index.php\/wp-json\/wp\/v2\/categories?post=6571"},{"taxonomy":"post_tag","embeddable":true,"href":"https:\/\/zonalimitrofe-cbnr.com\/index.php\/wp-json\/wp\/v2\/tags?post=6571"}],"curies":[{"name":"wp","href":"https:\/\/api.w.org\/{rel}","templated":true}]}}