{"id":6565,"date":"2024-06-23T16:12:48","date_gmt":"2024-06-23T22:12:48","guid":{"rendered":"https:\/\/zonalimitrofe-cbnr.com\/?p=6565"},"modified":"2024-06-23T16:12:49","modified_gmt":"2024-06-23T22:12:49","slug":"lerdo-invita-homero-martinez-a-ciudadanos-a-la-feria-del-empleo-2024","status":"publish","type":"post","link":"https:\/\/zonalimitrofe-cbnr.com\/index.php\/2024\/06\/23\/lerdo-invita-homero-martinez-a-ciudadanos-a-la-feria-del-empleo-2024\/","title":{"rendered":"#Lerdo. INVITA HOMERO MART\u00cdNEZ A CIUDADANOS A LA FERIA DEL EMPLEO 2024*"},"content":{"rendered":"\n<p>Lerdo, 23 de junio de 2024.- El Presidente Municipal, Homero Mart\u00ednez Cabrera, ha extendido una cordial invitaci\u00f3n a todos los ciudadanos para participar en la \u201cFeria del Empleo 2024\u201d. Este evento contar\u00e1 con la presencia de 55 empresas de la regi\u00f3n, las cuales estar\u00e1n ofreciendo m\u00e1s de 2,500 vacantes para la comunidad.<\/p>\n\n\n\n<p>La pr\u00f3xima edici\u00f3n de la Feria se llevar\u00e1 a cabo el martes 25 de junio en el Domo del Parque Victoria, en un horario de 9:00 de la ma\u00f1ana a 2:00 de la tarde. Se recomienda a los asistentes acudir con varias solicitudes laborales y curr\u00edculum vitae, para postularse en las empresas y empleos de su elecci\u00f3n.<\/p>\n\n\n\n<p>Aunado a lo anterior, el edil reiter\u00f3 que, seg\u00fan una reciente estad\u00edstica de la Secretar\u00eda de Desarrollo Econ\u00f3mico, Durango se ha posicionado en el mapa nacional de inversi\u00f3n extranjera directa. Con la visi\u00f3n del gobernador Esteban Villegas, quien ha realizado giras por el continente asi\u00e1tico, Durango est\u00e1 avanzando significativamente en este aspecto.<\/p>\n\n\n\n<p>\u201cEstamos convencidos de que esta es la ruta a seguir\u201d, coment\u00f3 Mart\u00ednez Cabrera, celebrando que en esta pr\u00f3xima Feria del Empleo participar\u00e1n empresas transnacionales como YURA, LALA, Carta Blanca, PILGRIM\u2019S, COPPEL, as\u00ed como empresas de la regi\u00f3n (Cribissa, Caterpillar, AlS\u00faper, La Esmeralda, Constructora Domin, Pe\u00f1afiel, SIMSA, CIMACO, Siete Leguas, BEST STAFF (ZF, KOLON, JOHN DEERE), Peque\u00f1a Transportes de Personal, ALBA Alimentos L\u00e1cteos Balanceados, Soriana, City Club, Garza Leal, Temsa, Amher, Segana, entre otras).<\/p>\n\n\n\n<p>El Departamento de Bolsa de Trabajo del Municipio de Lerdo inform\u00f3 que se proyecta recibir a m\u00e1s de 600 buscadores de empleo en esta feria, que busca ofrecer valiosas oportunidades laborales a los ciudadanos de Lerdo e impulsar significativamente la econom\u00eda local, reafirmando as\u00ed el compromiso del Ayuntamiento con el bienestar y desarrollo de su comunidad.<\/p>\n","protected":false},"excerpt":{"rendered":"<p>Lerdo, 23 de junio de 2024.- El Presidente Municipal, Homero Mart\u00ednez Cabrera, ha extendido una cordial invitaci\u00f3n a todos los ciudadanos para participar en la \u201cFeria del Empleo 2024\u201d. Este evento contar\u00e1 con la presencia de 55 empresas de la regi\u00f3n, las cuales estar\u00e1n ofreciendo m\u00e1s de 2,500 vacantes para la comunidad. La pr\u00f3xima edici\u00f3n [&hellip;]<\/p>\n","protected":false},"author":1,"featured_media":6566,"comment_status":"open","ping_status":"open","sticky":false,"template":"","format":"standard","meta":{"_monsterinsights_skip_tracking":false,"_monsterinsights_sitenote_active":false,"_monsterinsights_sitenote_note":"","_monsterinsights_sitenote_category":0,"footnotes":""},"categories":[1],"tags":[],"_links":{"self":[{"href":"https:\/\/zonalimitrofe-cbnr.com\/index.php\/wp-json\/wp\/v2\/posts\/6565"}],"collection":[{"href":"https:\/\/zonalimitrofe-cbnr.com\/index.php\/wp-json\/wp\/v2\/posts"}],"about":[{"href":"https:\/\/zonalimitrofe-cbnr.com\/index.php\/wp-json\/wp\/v2\/types\/post"}],"author":[{"embeddable":true,"href":"https:\/\/zonalimitrofe-cbnr.com\/index.php\/wp-json\/wp\/v2\/users\/1"}],"replies":[{"embeddable":true,"href":"https:\/\/zonalimitrofe-cbnr.com\/index.php\/wp-json\/wp\/v2\/comments?post=6565"}],"version-history":[{"count":1,"href":"https:\/\/zonalimitrofe-cbnr.com\/index.php\/wp-json\/wp\/v2\/posts\/6565\/revisions"}],"predecessor-version":[{"id":6567,"href":"https:\/\/zonalimitrofe-cbnr.com\/index.php\/wp-json\/wp\/v2\/posts\/6565\/revisions\/6567"}],"wp:featuredmedia":[{"embeddable":true,"href":"https:\/\/zonalimitrofe-cbnr.com\/index.php\/wp-json\/wp\/v2\/media\/6566"}],"wp:attachment":[{"href":"https:\/\/zonalimitrofe-cbnr.com\/index.php\/wp-json\/wp\/v2\/media?parent=6565"}],"wp:term":[{"taxonomy":"category","embeddable":true,"href":"https:\/\/zonalimitrofe-cbnr.com\/index.php\/wp-json\/wp\/v2\/categories?post=6565"},{"taxonomy":"post_tag","embeddable":true,"href":"https:\/\/zonalimitrofe-cbnr.com\/index.php\/wp-json\/wp\/v2\/tags?post=6565"}],"curies":[{"name":"wp","href":"https:\/\/api.w.org\/{rel}","templated":true}]}}