{"id":6522,"date":"2024-06-22T16:56:33","date_gmt":"2024-06-22T22:56:33","guid":{"rendered":"https:\/\/zonalimitrofe-cbnr.com\/?p=6522"},"modified":"2024-06-22T16:56:33","modified_gmt":"2024-06-22T22:56:33","slug":"lerdo-promueve-departamento-de-cultura-del-agua-conciencia-ambiental-en-escuelas","status":"publish","type":"post","link":"https:\/\/zonalimitrofe-cbnr.com\/index.php\/2024\/06\/22\/lerdo-promueve-departamento-de-cultura-del-agua-conciencia-ambiental-en-escuelas\/","title":{"rendered":"#Lerdo. PROMUEVE DEPARTAMENTO DE CULTURA DEL AGUA CONCIENCIA AMBIENTAL EN ESCUELAS*"},"content":{"rendered":"\n<p>Lerdo, 22 de junio 2024.\u2013 El Departamento de Cultura del Agua del S.A.P.A.L. hizo una visita significativa a la escuela primaria Fanny Anitua el viernes pasado, con el objetivo de educar a cerca de 200 estudiantes y personal administrativo sobre la importancia del cuidado del medio ambiente.<\/p>\n\n\n\n<p>Bajo la sombra de la f\u00e1bula \u201cEl ave y la semilla\u201d, el personal del departamento captur\u00f3 la atenci\u00f3n de los presentes con una historia conmovedora sobre una semilla solitaria en las monta\u00f1as. El relato detalla c\u00f3mo un ave compasiva la rescata y la lleva a un bosque donde, gracias a la lluvia y el cuidado mutuo, la semilla florece en una planta vigorosa. Este cuento, adem\u00e1s de entretener a los j\u00f3venes oyentes, transmite un mensaje profundo sobre la interdependencia entre los seres vivos y su entorno natural.<\/p>\n\n\n\n<p>Adem\u00e1s de la narrativa, los ni\u00f1os participaron en actividades pr\u00e1cticas dise\u00f1adas para fomentar el respeto por la naturaleza. Aprendieron a construir germinadores caseros y recibieron orientaci\u00f3n sobre el cuidado adecuado de las semillas y las plantas.<\/p>\n\n\n\n<p>La titular del departamento, Lupita Badillo comparti\u00f3 que este enfoque pr\u00e1ctico no solo les ense\u00f1a a los peque\u00f1os habilidades \u00fatiles, sino que tambi\u00e9n refuerza en ellos el mensaje de responsabilidad ambiental.<\/p>\n\n\n\n<p>As\u00ed mismo, reiter\u00f3 el compromiso del Presidente Municipal Homero Mart\u00ednez Cabrera, con la educaci\u00f3n ambiental en el territorio lerdense, destacando la importancia de preservar los recursos naturales locales y la necesidad de inculcar estos valores desde una edad temprana.<\/p>\n\n\n\n<p>&#8220;Es necesario que los ni\u00f1os comprendan c\u00f3mo sus acciones pueden afectar positivamente el entorno en el que viven&#8221;, afirm\u00f3 la funcionaria, y agreg\u00f3 que continuamente se realizan actividades por parte del departamento, para educar e inspirar a las generaciones futuras a convertirse en guardianes activos de nuestro planeta, promoviendo un futuro sostenible y armonioso para todos.<\/p>\n","protected":false},"excerpt":{"rendered":"<p>Lerdo, 22 de junio 2024.\u2013 El Departamento de Cultura del Agua del S.A.P.A.L. hizo una visita significativa a la escuela primaria Fanny Anitua el viernes pasado, con el objetivo de educar a cerca de 200 estudiantes y personal administrativo sobre la importancia del cuidado del medio ambiente. Bajo la sombra de la f\u00e1bula \u201cEl ave [&hellip;]<\/p>\n","protected":false},"author":1,"featured_media":6523,"comment_status":"open","ping_status":"open","sticky":false,"template":"","format":"standard","meta":{"_monsterinsights_skip_tracking":false,"_monsterinsights_sitenote_active":false,"_monsterinsights_sitenote_note":"","_monsterinsights_sitenote_category":0,"footnotes":""},"categories":[1],"tags":[],"_links":{"self":[{"href":"https:\/\/zonalimitrofe-cbnr.com\/index.php\/wp-json\/wp\/v2\/posts\/6522"}],"collection":[{"href":"https:\/\/zonalimitrofe-cbnr.com\/index.php\/wp-json\/wp\/v2\/posts"}],"about":[{"href":"https:\/\/zonalimitrofe-cbnr.com\/index.php\/wp-json\/wp\/v2\/types\/post"}],"author":[{"embeddable":true,"href":"https:\/\/zonalimitrofe-cbnr.com\/index.php\/wp-json\/wp\/v2\/users\/1"}],"replies":[{"embeddable":true,"href":"https:\/\/zonalimitrofe-cbnr.com\/index.php\/wp-json\/wp\/v2\/comments?post=6522"}],"version-history":[{"count":1,"href":"https:\/\/zonalimitrofe-cbnr.com\/index.php\/wp-json\/wp\/v2\/posts\/6522\/revisions"}],"predecessor-version":[{"id":6524,"href":"https:\/\/zonalimitrofe-cbnr.com\/index.php\/wp-json\/wp\/v2\/posts\/6522\/revisions\/6524"}],"wp:featuredmedia":[{"embeddable":true,"href":"https:\/\/zonalimitrofe-cbnr.com\/index.php\/wp-json\/wp\/v2\/media\/6523"}],"wp:attachment":[{"href":"https:\/\/zonalimitrofe-cbnr.com\/index.php\/wp-json\/wp\/v2\/media?parent=6522"}],"wp:term":[{"taxonomy":"category","embeddable":true,"href":"https:\/\/zonalimitrofe-cbnr.com\/index.php\/wp-json\/wp\/v2\/categories?post=6522"},{"taxonomy":"post_tag","embeddable":true,"href":"https:\/\/zonalimitrofe-cbnr.com\/index.php\/wp-json\/wp\/v2\/tags?post=6522"}],"curies":[{"name":"wp","href":"https:\/\/api.w.org\/{rel}","templated":true}]}}