{"id":6458,"date":"2024-06-20T19:33:06","date_gmt":"2024-06-21T01:33:06","guid":{"rendered":"https:\/\/zonalimitrofe-cbnr.com\/?p=6458"},"modified":"2024-06-20T19:33:06","modified_gmt":"2024-06-21T01:33:06","slug":"lerdo-durango-se-ubica-entre-los-estados-mas-seguros-del-pais-hmc","status":"publish","type":"post","link":"https:\/\/zonalimitrofe-cbnr.com\/index.php\/2024\/06\/20\/lerdo-durango-se-ubica-entre-los-estados-mas-seguros-del-pais-hmc\/","title":{"rendered":"#Lerdo.DURANGO SE UBICA ENTRE LOS ESTADOS M\u00c1S SEGUROS DEL PA\u00cdS; HMC*"},"content":{"rendered":"\n<p>Lerdo, 20 de junio 2024.- El pasado mi\u00e9rcoles, el Alcalde Homero Mart\u00ednez Cabrera asisti\u00f3 a la reuni\u00f3n mensual del Mando Especial de La Laguna, encabezada por el General Alberto Hern\u00e1ndez Gallardo. La reuni\u00f3n cont\u00f3 tambi\u00e9n con la presencia de la Presidenta de G\u00f3mez Palacio, Leticia Herrera, y el Alcalde de Matamoros, Miguel \u00c1ngel Ram\u00edrez.<\/p>\n\n\n\n<p>Los datos presentados en la reuni\u00f3n reflejan que, en Durango se ha registrado una disminuci\u00f3n en delitos graves como el homicidio doloso, y no se han reportado casos de secuestro. En el panorama general de seguridad, Durango se ubica como el cuarto estado m\u00e1s seguro de M\u00e9xico.<\/p>\n\n\n\n<p>\u201cEn la comarca lagunera y por los propios datos de la Secretar\u00eda de Seguridad a nivel nacional, Durango aparece como el segundo estado m\u00e1s seguro del pa\u00eds, en homicidios dolosos por ejemplo\u201d comparti\u00f3 el Alcalde de Lerdo, Homero Mart\u00ednez Cabrera.<\/p>\n\n\n\n<p>De acuerdo a las estad\u00edsticas del Secretariado Ejecutivo del Sistema Nacional de Seguridad P\u00fablica, Lerdo ha logrado reducir seis delitos de alto impacto en el primer semestre de 2024 en comparaci\u00f3n con el primer trimestre de 2023. Los resultados m\u00e1s notables incluyen una disminuci\u00f3n del 100% en homicidio doloso, una reducci\u00f3n del 94% en robo a casa habitaci\u00f3n, una baja del 75% en robo a negocios, una ca\u00edda del 66.7% en robo de veh\u00edculos y una disminuci\u00f3n del 50% en robo a transe\u00fantes.<\/p>\n\n\n\n<p>Mart\u00ednez Cabrera destac\u00f3 la colaboraci\u00f3n efectiva entre los alcaldes de la zona metropolitana para \u00b4BLINDAR\u00b4 a La Laguna. Este trabajo en conjunto con una coordinaci\u00f3n permanente con el Mando Especial de La Laguna, ha permitido que se logren estad\u00edsticas de seguridad positivas, con una baja en la incidencia de delitos.<\/p>\n\n\n\n<p>&#8220;Los ciudadanos saben que los cuatro alcaldes que integramos la zona metropolitana de La Laguna \u2013 Lerdo, G\u00f3mez Palacio, Torre\u00f3n y Matamoros \u2013 somos de una misma fracci\u00f3n pol\u00edtica y los gobernadores de Durango y Coahuila tambi\u00e9n, y eso ayuda a que hoy en d\u00eda contemos con estad\u00edsticas de seguridad a la baja, a diferencia de otras zonas en el pa\u00eds. As\u00ed como la coordinaci\u00f3n permanente con el Mando Especial de La Laguna&#8221;, afirm\u00f3 el Alcalde.<\/p>\n\n\n\n<p>No obstante, Mart\u00ednez Cabrera subray\u00f3 la necesidad de seguir trabajando en coordinaci\u00f3n con las dependencias federales para abordar temas sensibles como la violencia intrafamiliar y de g\u00e9nero. &#8220;Nos toca coordinar algunos con las dependencias federales, tal es el tema de la violencia intrafamiliar y de g\u00e9nero, en ello necesitamos trabajar para quitarnos la etiqueta de alerta de g\u00e9nero&#8221;, enfatiz\u00f3.<\/p>\n\n\n\n<p>Los alcaldes se mostraron en acuerdo respecto a la importancia de estas acciones conjuntas para mejorar la seguridad y la calidad de vida de los ciudadanos en la regi\u00f3n.<\/p>\n\n\n\n<p>La reuni\u00f3n del Mando Especial de La Laguna demuestra el compromiso y la cooperaci\u00f3n entre diferentes niveles de gobierno para mantener y mejorar la seguridad en la zona, con Durango destac\u00e1ndose como un ejemplo de \u00e9xito en estas iniciativas.<\/p>\n","protected":false},"excerpt":{"rendered":"<p>Lerdo, 20 de junio 2024.- El pasado mi\u00e9rcoles, el Alcalde Homero Mart\u00ednez Cabrera asisti\u00f3 a la reuni\u00f3n mensual del Mando Especial de La Laguna, encabezada por el General Alberto Hern\u00e1ndez Gallardo. La reuni\u00f3n cont\u00f3 tambi\u00e9n con la presencia de la Presidenta de G\u00f3mez Palacio, Leticia Herrera, y el Alcalde de Matamoros, Miguel \u00c1ngel Ram\u00edrez. Los [&hellip;]<\/p>\n","protected":false},"author":1,"featured_media":6459,"comment_status":"open","ping_status":"open","sticky":false,"template":"","format":"standard","meta":{"_monsterinsights_skip_tracking":false,"_monsterinsights_sitenote_active":false,"_monsterinsights_sitenote_note":"","_monsterinsights_sitenote_category":0,"footnotes":""},"categories":[1],"tags":[],"_links":{"self":[{"href":"https:\/\/zonalimitrofe-cbnr.com\/index.php\/wp-json\/wp\/v2\/posts\/6458"}],"collection":[{"href":"https:\/\/zonalimitrofe-cbnr.com\/index.php\/wp-json\/wp\/v2\/posts"}],"about":[{"href":"https:\/\/zonalimitrofe-cbnr.com\/index.php\/wp-json\/wp\/v2\/types\/post"}],"author":[{"embeddable":true,"href":"https:\/\/zonalimitrofe-cbnr.com\/index.php\/wp-json\/wp\/v2\/users\/1"}],"replies":[{"embeddable":true,"href":"https:\/\/zonalimitrofe-cbnr.com\/index.php\/wp-json\/wp\/v2\/comments?post=6458"}],"version-history":[{"count":1,"href":"https:\/\/zonalimitrofe-cbnr.com\/index.php\/wp-json\/wp\/v2\/posts\/6458\/revisions"}],"predecessor-version":[{"id":6460,"href":"https:\/\/zonalimitrofe-cbnr.com\/index.php\/wp-json\/wp\/v2\/posts\/6458\/revisions\/6460"}],"wp:featuredmedia":[{"embeddable":true,"href":"https:\/\/zonalimitrofe-cbnr.com\/index.php\/wp-json\/wp\/v2\/media\/6459"}],"wp:attachment":[{"href":"https:\/\/zonalimitrofe-cbnr.com\/index.php\/wp-json\/wp\/v2\/media?parent=6458"}],"wp:term":[{"taxonomy":"category","embeddable":true,"href":"https:\/\/zonalimitrofe-cbnr.com\/index.php\/wp-json\/wp\/v2\/categories?post=6458"},{"taxonomy":"post_tag","embeddable":true,"href":"https:\/\/zonalimitrofe-cbnr.com\/index.php\/wp-json\/wp\/v2\/tags?post=6458"}],"curies":[{"name":"wp","href":"https:\/\/api.w.org\/{rel}","templated":true}]}}