{"id":6425,"date":"2024-06-19T17:47:35","date_gmt":"2024-06-19T23:47:35","guid":{"rendered":"https:\/\/zonalimitrofe-cbnr.com\/?p=6425"},"modified":"2024-06-19T17:47:35","modified_gmt":"2024-06-19T23:47:35","slug":"gp-sobre-supuesto-caso-de-asalto-y-lesiones-seguridad-publica-de-gomez-palacio-aclara-no-lo-golpearon-ni-asaltaron-estando-ebrio-se-peleo-con-sus-amigos","status":"publish","type":"post","link":"https:\/\/zonalimitrofe-cbnr.com\/index.php\/2024\/06\/19\/gp-sobre-supuesto-caso-de-asalto-y-lesiones-seguridad-publica-de-gomez-palacio-aclara-no-lo-golpearon-ni-asaltaron-estando-ebrio-se-peleo-con-sus-amigos\/","title":{"rendered":"#GP. Sobre supuesto caso de asalto y lesiones, Seguridad P\u00fablica de G\u00f3mez Palacio aclara: &#8220;No lo golpearon ni asaltaron; estando ebrio, se pele\u00f3 con sus amigos*"},"content":{"rendered":"\n<p>Tras una publicaci\u00f3n que circula en redes sociales la cual da a conocer el supuesto asalto con violencia y despojo de su motocicleta a un habitante de la comunidad rural de Arturo Mart\u00ednez; Sergio El\u00edas Carre\u00f3n Ch\u00e1vez, director de la Direcci\u00f3n de Seguridad P\u00fablica Municipal de G\u00f3mez Palacio informa a la ciudadan\u00eda que esa informaci\u00f3n es falsa.<\/p>\n\n\n\n<p>El titular de Seguridad P\u00fablica dio a conocer que se recibi\u00f3 una llamada de auxilio por parte del personal m\u00e9dico de la cl\u00ednica 51 del IMSS, la cual informaba sobre el ingreso una persona golpeada, por lo que de inmediato se traslad\u00f3 al mencionado hospital, la unidad 38046 de la DSPM.<\/p>\n\n\n\n<p>Al arribar, los elementos policiacos se entrevistaron con el supuesto agredido Cecilio Rodr\u00edguez Villa, de 54 a\u00f1os de edad, con domicilio en Gregorio Garc\u00eda, quien comenta que desde el pasado s\u00e1bado se encontraba con unos amigos ingiriendo bebidas embriagantes y que el d\u00eda lunes 17, terminaron mal, llegando hasta los golpes, quedando tirado a un costado de la carretera, mencionando que en ning\u00fan momento lo asaltaron ni despojaron de su moto, ya que \u00e9sta se encuentra en su domicilio.<\/p>\n\n\n\n<p>Carre\u00f3n Ch\u00e1vez se\u00f1al\u00f3 que la doctora en turno del IMSS, manifest\u00f3 que el lesionado se quedar\u00eda en observaci\u00f3n, porque se encontraba severamente golpeado y bajo los influjos del alcohol, por lo que los agentes a su cargo se retiraron del lugar sin novedad alguna.<\/p>\n\n\n\n<p>Por \u00faltimo, Carre\u00f3n Ch\u00e1vez, dijo que existe la encomienda de la presidenta municipal, Leticia Herrera Ale, de atender cada reporte que llega a la dependencia, pero tambi\u00e9n, aclarar de manera oportuna cuando se trate de informaci\u00f3n falsa, pues noticias err\u00f3neas, pueden generar una falsa percepci\u00f3n e incluso un estado de alarma entre la ciudadan\u00eda, por lo cual, seguir\u00e1n aclar\u00e1ndose cada que exista la necesidad de hacerlo.<\/p>\n","protected":false},"excerpt":{"rendered":"<p>Tras una publicaci\u00f3n que circula en redes sociales la cual da a conocer el supuesto asalto con violencia y despojo de su motocicleta a un habitante de la comunidad rural de Arturo Mart\u00ednez; Sergio El\u00edas Carre\u00f3n Ch\u00e1vez, director de la Direcci\u00f3n de Seguridad P\u00fablica Municipal de G\u00f3mez Palacio informa a la ciudadan\u00eda que esa informaci\u00f3n [&hellip;]<\/p>\n","protected":false},"author":1,"featured_media":6426,"comment_status":"open","ping_status":"open","sticky":false,"template":"","format":"standard","meta":{"_monsterinsights_skip_tracking":false,"_monsterinsights_sitenote_active":false,"_monsterinsights_sitenote_note":"","_monsterinsights_sitenote_category":0,"footnotes":""},"categories":[1],"tags":[],"_links":{"self":[{"href":"https:\/\/zonalimitrofe-cbnr.com\/index.php\/wp-json\/wp\/v2\/posts\/6425"}],"collection":[{"href":"https:\/\/zonalimitrofe-cbnr.com\/index.php\/wp-json\/wp\/v2\/posts"}],"about":[{"href":"https:\/\/zonalimitrofe-cbnr.com\/index.php\/wp-json\/wp\/v2\/types\/post"}],"author":[{"embeddable":true,"href":"https:\/\/zonalimitrofe-cbnr.com\/index.php\/wp-json\/wp\/v2\/users\/1"}],"replies":[{"embeddable":true,"href":"https:\/\/zonalimitrofe-cbnr.com\/index.php\/wp-json\/wp\/v2\/comments?post=6425"}],"version-history":[{"count":1,"href":"https:\/\/zonalimitrofe-cbnr.com\/index.php\/wp-json\/wp\/v2\/posts\/6425\/revisions"}],"predecessor-version":[{"id":6427,"href":"https:\/\/zonalimitrofe-cbnr.com\/index.php\/wp-json\/wp\/v2\/posts\/6425\/revisions\/6427"}],"wp:featuredmedia":[{"embeddable":true,"href":"https:\/\/zonalimitrofe-cbnr.com\/index.php\/wp-json\/wp\/v2\/media\/6426"}],"wp:attachment":[{"href":"https:\/\/zonalimitrofe-cbnr.com\/index.php\/wp-json\/wp\/v2\/media?parent=6425"}],"wp:term":[{"taxonomy":"category","embeddable":true,"href":"https:\/\/zonalimitrofe-cbnr.com\/index.php\/wp-json\/wp\/v2\/categories?post=6425"},{"taxonomy":"post_tag","embeddable":true,"href":"https:\/\/zonalimitrofe-cbnr.com\/index.php\/wp-json\/wp\/v2\/tags?post=6425"}],"curies":[{"name":"wp","href":"https:\/\/api.w.org\/{rel}","templated":true}]}}