{"id":6367,"date":"2024-06-18T18:28:42","date_gmt":"2024-06-19T00:28:42","guid":{"rendered":"https:\/\/zonalimitrofe-cbnr.com\/?p=6367"},"modified":"2024-06-18T18:28:42","modified_gmt":"2024-06-19T00:28:42","slug":"lerdo-todo-listo-para-feria-del-empleo-2024","status":"publish","type":"post","link":"https:\/\/zonalimitrofe-cbnr.com\/index.php\/2024\/06\/18\/lerdo-todo-listo-para-feria-del-empleo-2024\/","title":{"rendered":"#Lerdo. TODO LISTO PARA \u2018FERIA DEL EMPLEO 2024\u2019"},"content":{"rendered":"\n<p>Lerdo, 18 de junio 2024.- Este martes 18 de junio, el Gobierno Municipal de Ciudad Lerdo llev\u00f3 a cabo el anuncio oficial de la \u00b4Feria del Empleo 2024\u00b4, marcando as\u00ed el inicio de la cuenta regresiva hacia el 25 de junio. Esta edici\u00f3n contar\u00e1 con la participaci\u00f3n de 55 empresas de la regi\u00f3n, ofreciendo m\u00e1s de 2,500 vacantes disponibles, en el parque Victoria.<\/p>\n\n\n\n<p>La representaci\u00f3n del Presidente Municipal Homero Mart\u00ednez Cabrera estuvo a cargo del secretario t\u00e9cnico del Ayuntamiento, Ram\u00f3n Acosta Barrios, quien agradeci\u00f3 a los medios de comunicaci\u00f3n su presencia y cobertura durante la rueda de prensa.<\/p>\n\n\n\n<p>Se\u00f1al\u00f3 que en el \u00faltimo a\u00f1o, varias empresas y tiendas de conveniencia han llegado a cambiar la imagen de la ciudad. Entre estas se encuentran Yura, La Esmeralda, KFC y Del Sol, que han invertido significativamente en Lerdo.<\/p>\n\n\n\n<p>&#8220;Estas tiendas traen empleos y mejores ofertas a la ciudad, y es necesario fomentar el empleo formal y bien pagado para todos los ciudadanos lerdenses&#8221;, mencion\u00f3 que el Presidente Homero Mart\u00ednez Cabrera, tiene una visi\u00f3n clara para el desarrollo econ\u00f3mico del Municipio.<\/p>\n\n\n\n<p>Jes\u00fas Mario Castrill\u00f3n, director de Fomento Econ\u00f3mico, reiter\u00f3 que el Alcalde Homero Mart\u00ednez mantiene un firme compromiso con los habitantes para la generaci\u00f3n de m\u00e1s y mejores empleos formales, bien remunerados, por lo cual se ha trabajado en ser un v\u00ednculo entre los ciudadanos y las empresas de la regi\u00f3n.<\/p>\n\n\n\n<p>Las 55 empresas que participar\u00e1n el martes 25 de junio en el parque Victoria, ofrecer\u00e1n m\u00e1s de 2,500 vacantes. Se espera atender a 600 buscadores de empleo.<\/p>\n\n\n\n<p>Entre los representantes de las empresas participantes, estuvo presente Graciela Alejandra P\u00e9rez Medina, supervisora de Relaciones Laborales y Recursos Humanos de la empresa Del Sol, anunciando la apertura de la tienda en el Municipio para el d\u00eda 8 de agosto del presente a\u00f1o.<\/p>\n\n\n\n<p>&#8220;Estamos pr\u00f3ximos a inaugurar la primera tienda departamental en Lerdo y, por ello, estamos ofreciendo diversas vacantes disponibles durante esta feria del empleo. Agradecemos la colaboraci\u00f3n con el municipio para el reclutamiento laboral de ciudadanos lerdenses&#8221;, se\u00f1al\u00f3 P\u00e9rez Medina.<\/p>\n\n\n\n<p>Yuridia Palacios, jefa del Departamento de Bolsa de Trabajo del Municipio de Lerdo, inform\u00f3 que en esta Feria del Empleo 2024, tambi\u00e9n se unen las empresas de Carta Blanca, Cribissa, Lala, Yura, Caterpillar, AlS\u00faper, La Esmeralda, Constructora Domin, Pe\u00f1afiel, COPPEL, SIMSA, PILGRIM\u2019S, CIMACO, Siete Leguas, BEST STAFF (ZF, KOLON, JONN DERE), Peque\u00f1a Transportes De Personal, ALBA Alimentos L\u00e1cteos Balanceados, Soriana, City Club, Garza Leal, Temsa, Amher, Segana, entre otras.<\/p>\n\n\n\n<p>Este tipo de actividades busca impulsar significativamente la econom\u00eda local y ofrecer oportunidades laborales a los ciudadanos de Lerdo, reafirmando el compromiso del Ayuntamiento con el bienestar y desarrollo de su comunidad.<\/p>\n","protected":false},"excerpt":{"rendered":"<p>Lerdo, 18 de junio 2024.- Este martes 18 de junio, el Gobierno Municipal de Ciudad Lerdo llev\u00f3 a cabo el anuncio oficial de la \u00b4Feria del Empleo 2024\u00b4, marcando as\u00ed el inicio de la cuenta regresiva hacia el 25 de junio. Esta edici\u00f3n contar\u00e1 con la participaci\u00f3n de 55 empresas de la regi\u00f3n, ofreciendo m\u00e1s [&hellip;]<\/p>\n","protected":false},"author":1,"featured_media":6368,"comment_status":"open","ping_status":"open","sticky":false,"template":"","format":"standard","meta":{"_monsterinsights_skip_tracking":false,"_monsterinsights_sitenote_active":false,"_monsterinsights_sitenote_note":"","_monsterinsights_sitenote_category":0,"footnotes":""},"categories":[1],"tags":[],"_links":{"self":[{"href":"https:\/\/zonalimitrofe-cbnr.com\/index.php\/wp-json\/wp\/v2\/posts\/6367"}],"collection":[{"href":"https:\/\/zonalimitrofe-cbnr.com\/index.php\/wp-json\/wp\/v2\/posts"}],"about":[{"href":"https:\/\/zonalimitrofe-cbnr.com\/index.php\/wp-json\/wp\/v2\/types\/post"}],"author":[{"embeddable":true,"href":"https:\/\/zonalimitrofe-cbnr.com\/index.php\/wp-json\/wp\/v2\/users\/1"}],"replies":[{"embeddable":true,"href":"https:\/\/zonalimitrofe-cbnr.com\/index.php\/wp-json\/wp\/v2\/comments?post=6367"}],"version-history":[{"count":1,"href":"https:\/\/zonalimitrofe-cbnr.com\/index.php\/wp-json\/wp\/v2\/posts\/6367\/revisions"}],"predecessor-version":[{"id":6369,"href":"https:\/\/zonalimitrofe-cbnr.com\/index.php\/wp-json\/wp\/v2\/posts\/6367\/revisions\/6369"}],"wp:featuredmedia":[{"embeddable":true,"href":"https:\/\/zonalimitrofe-cbnr.com\/index.php\/wp-json\/wp\/v2\/media\/6368"}],"wp:attachment":[{"href":"https:\/\/zonalimitrofe-cbnr.com\/index.php\/wp-json\/wp\/v2\/media?parent=6367"}],"wp:term":[{"taxonomy":"category","embeddable":true,"href":"https:\/\/zonalimitrofe-cbnr.com\/index.php\/wp-json\/wp\/v2\/categories?post=6367"},{"taxonomy":"post_tag","embeddable":true,"href":"https:\/\/zonalimitrofe-cbnr.com\/index.php\/wp-json\/wp\/v2\/tags?post=6367"}],"curies":[{"name":"wp","href":"https:\/\/api.w.org\/{rel}","templated":true}]}}