{"id":6288,"date":"2024-06-14T18:43:40","date_gmt":"2024-06-15T00:43:40","guid":{"rendered":"https:\/\/zonalimitrofe-cbnr.com\/?p=6288"},"modified":"2024-06-14T18:43:40","modified_gmt":"2024-06-15T00:43:40","slug":"lerdo-refuerza-instituto-de-la-juventud-actividades-para-lerdenses","status":"publish","type":"post","link":"https:\/\/zonalimitrofe-cbnr.com\/index.php\/2024\/06\/14\/lerdo-refuerza-instituto-de-la-juventud-actividades-para-lerdenses\/","title":{"rendered":"#Lerdo. REFUERZA INSTITUTO DE LA JUVENTUD ACTIVIDADES PARA LERDENSES*"},"content":{"rendered":"\n<p>Lerdo, 14 junio 2024.- El director del Instituto Municipal de la Juventud (IMJ) en Lerdo, David Cano S\u00e1nchez, comparti\u00f3 que por instrucci\u00f3n del Presidente Municipal Homero Mart\u00ednez Cabrera, la dependencia municipal trabaja en el fortalecimiento de actividades en compromiso con el desarrollo y futuro de los j\u00f3venes lerdenses.<\/p>\n\n\n\n<p>Adem\u00e1s, el funcionario agreg\u00f3 que luego de participar en el \u201cPrimer Encuentro Estatal de Instancias Municipales 2024\u201d, que organiz\u00f3 el IDJ (Instituto Duranguense de la Juventud) en la capital de Durango, el personal de la instancia lerdense recibi\u00f3 una actualizaci\u00f3n en materia de salud mental para apoyar a los j\u00f3venes que transitan por situaciones complicadas.<\/p>\n\n\n\n<p>\u201cDurante el encuentro, tuvimos conferencias y pl\u00e1ticas con la Dra. Sandra Carolina Herrera Ortiz, directora del Hospital de Salud Mental, para conocer sobre las crisis de ansiedad, qu\u00e9 hacer y c\u00f3mo auxiliar a los j\u00f3venes\u201d<\/p>\n\n\n\n<p>David Cano record\u00f3 que en el mes de enero del presente a\u00f1o, la campa\u00f1a estatal \u201cDate tiempo\u201d lleg\u00f3 a Lerdo, para fomentar la cultura del cuidado de la salud mental y emocional, en la b\u00fasqueda continua por el bienestar de las juventudes, donde junto con la directora del IDJ Lilian Mayte Manzanera, realizaron cruceros para informar a toda la ciudadan\u00eda lerdense de los tel\u00e9fonos de emergencia y ayuda.<\/p>\n\n\n\n<p>\u201cTambi\u00e9n nos reunimos con representantes de las federaciones estudiantiles para acordar convenios y beneficios para los estudiantes; as\u00ed como con un grupo de ingenieros, quienes entregaron propuestas para que los j\u00f3venes se sumen a proyectos de activismo social\u201d<\/p>\n\n\n\n<p>Entre las actividades, se llev\u00f3 a cabo una prueba piloto de \u201cUrbanismo T\u00e1ctico\u201d donde, en lugar de pintar las t\u00edpicas cebras peatonales, los cruces de peatones cobran vida con colores llamativos, impulsando el respeto tanto de los conductores como de los caminantes, para cruzar por la zona indicada.<\/p>\n\n\n\n<p>Cabe se\u00f1alar que el IMJ en Lerdo despleg\u00f3 la campa\u00f1a \u201cAprender a Vivir\u201d para promover la salud digna y libre de adicciones en j\u00f3venes, tambi\u00e9n present\u00f3 la segunda edici\u00f3n del programa \u201cde Fin por la Sarabia\u201d donde m\u00e1s de 120 comerciantes y talentos locales se presentaron frente a la Presidencia Municipal para ofertar sus servicios, productos y darse a conocer.<\/p>\n\n\n\n<p>Actividades de esta \u00edndole han alcanzado cerca del millar de asistentes, quienes se suman para contribuir en el desarrollo y bienestar de la juventud lerdense.<\/p>\n\n\n\n<p>As\u00ed mismo, en el instituto se imparten diferentes talleres para el desarrollo de habilidades creativas, personales, deportivas y profesionales. Para m\u00e1s informaci\u00f3n, el titular del IMJ invita a los interesados a comunicarse al 87 17 25 91 66 (de lunes a viernes, de 8 a 16 hrs), o acudir a la Unidad Administrativa de San Isidro (calle Ram\u00f3n Leyva, entre L\u00f3pez Ray\u00f3n y Galeana).<\/p>\n","protected":false},"excerpt":{"rendered":"<p>Lerdo, 14 junio 2024.- El director del Instituto Municipal de la Juventud (IMJ) en Lerdo, David Cano S\u00e1nchez, comparti\u00f3 que por instrucci\u00f3n del Presidente Municipal Homero Mart\u00ednez Cabrera, la dependencia municipal trabaja en el fortalecimiento de actividades en compromiso con el desarrollo y futuro de los j\u00f3venes lerdenses. Adem\u00e1s, el funcionario agreg\u00f3 que luego de [&hellip;]<\/p>\n","protected":false},"author":1,"featured_media":6289,"comment_status":"open","ping_status":"open","sticky":false,"template":"","format":"standard","meta":{"_monsterinsights_skip_tracking":false,"_monsterinsights_sitenote_active":false,"_monsterinsights_sitenote_note":"","_monsterinsights_sitenote_category":0,"footnotes":""},"categories":[1],"tags":[],"_links":{"self":[{"href":"https:\/\/zonalimitrofe-cbnr.com\/index.php\/wp-json\/wp\/v2\/posts\/6288"}],"collection":[{"href":"https:\/\/zonalimitrofe-cbnr.com\/index.php\/wp-json\/wp\/v2\/posts"}],"about":[{"href":"https:\/\/zonalimitrofe-cbnr.com\/index.php\/wp-json\/wp\/v2\/types\/post"}],"author":[{"embeddable":true,"href":"https:\/\/zonalimitrofe-cbnr.com\/index.php\/wp-json\/wp\/v2\/users\/1"}],"replies":[{"embeddable":true,"href":"https:\/\/zonalimitrofe-cbnr.com\/index.php\/wp-json\/wp\/v2\/comments?post=6288"}],"version-history":[{"count":1,"href":"https:\/\/zonalimitrofe-cbnr.com\/index.php\/wp-json\/wp\/v2\/posts\/6288\/revisions"}],"predecessor-version":[{"id":6290,"href":"https:\/\/zonalimitrofe-cbnr.com\/index.php\/wp-json\/wp\/v2\/posts\/6288\/revisions\/6290"}],"wp:featuredmedia":[{"embeddable":true,"href":"https:\/\/zonalimitrofe-cbnr.com\/index.php\/wp-json\/wp\/v2\/media\/6289"}],"wp:attachment":[{"href":"https:\/\/zonalimitrofe-cbnr.com\/index.php\/wp-json\/wp\/v2\/media?parent=6288"}],"wp:term":[{"taxonomy":"category","embeddable":true,"href":"https:\/\/zonalimitrofe-cbnr.com\/index.php\/wp-json\/wp\/v2\/categories?post=6288"},{"taxonomy":"post_tag","embeddable":true,"href":"https:\/\/zonalimitrofe-cbnr.com\/index.php\/wp-json\/wp\/v2\/tags?post=6288"}],"curies":[{"name":"wp","href":"https:\/\/api.w.org\/{rel}","templated":true}]}}