{"id":6244,"date":"2024-06-13T13:58:26","date_gmt":"2024-06-13T19:58:26","guid":{"rendered":"https:\/\/zonalimitrofe-cbnr.com\/?p=6244"},"modified":"2024-06-13T13:58:27","modified_gmt":"2024-06-13T19:58:27","slug":"uadec-capacitan-a-personal-de-la-uadec-en-atencion-de-urgencias-medicas","status":"publish","type":"post","link":"https:\/\/zonalimitrofe-cbnr.com\/index.php\/2024\/06\/13\/uadec-capacitan-a-personal-de-la-uadec-en-atencion-de-urgencias-medicas\/","title":{"rendered":"#UAdeC. Capacitan a Personal de la UAdeC en Atenci\u00f3n de Urgencias M\u00e9dicas"},"content":{"rendered":"\n<p>SALTILLO, Coahuila. 13 de junio de 2024. Para fortalecer la capacidad de respuesta ante emergencias dentro de la comunidad universitaria, la Universidad Aut\u00f3noma de Coahuila a trav\u00e9s del \u00c1rea de Acci\u00f3n Social de la Rector\u00eda y Protecci\u00f3n Civil Universitaria, en colaboraci\u00f3n con el Sistema de Atenci\u00f3n M\u00e9dica de Urgencias (SAMU) de la Secretar\u00eda de Salud (SS) de Coahuila, llevaron a cabo el Curso-Taller &#8220;Primer Respondiente en Atenci\u00f3n a Urgencias M\u00e9dicas&#8221; en las instalaciones del Ateneo Fuente.<\/p>\n\n\n\n<p>Del 11 al 13 de junio el curso-taller tuvo como objetivo principal capacitar al personal administrativo, docente y manual sobre t\u00e9cnicas y procedimientos b\u00e1sicos de atenci\u00f3n prehospitalaria de urgencias, formaci\u00f3n que les permitir\u00e1 actuar de manera eficiente y r\u00e1pida ante situaciones cr\u00edticas, proporcionando los primeros auxilios necesarios hasta la llegada de los servicios m\u00e9dicos profesionales.<\/p>\n\n\n\n<p>La coordinadora de Protecci\u00f3n Civil Universitaria, Beatriz Padilla Villarreal y el encargado del \u00c1rea de Acci\u00f3n Social, Rodolfo Garza, explicaron que se trata de un curso de 24 horas distribuidas en tres d\u00edas de capacitaci\u00f3n y que ofrece una certificaci\u00f3n a nivel nacional, participaron 30 personas, provenientes del Ateneo Fuente y de las Facultades de Sistemas y Artes Pl\u00e1sticas.<\/p>\n\n\n\n<p>Padilla Villareal, destac\u00f3 la importancia de formar a primeros respondientes, ya que los conocimientos de primeros auxilios son fundamentales y deber\u00edan ser parte de la cultura general, pues con esta formaci\u00f3n, se incrementa el n\u00famero de personas capacitadas en la UAdeC para atender emergencias en las Unidades Acad\u00e9micas.<\/p>\n\n\n\n<p>La capacitaci\u00f3n estuvo a cargo de Abraham R\u00edos Mart\u00ednez, encargado de Capacitaci\u00f3n del SAMU; la Dra. Diana Rodr\u00edguez Ar\u00e9valo, instructora del curso y el enfermero y param\u00e9dico de la SS, Alberto L\u00f3pez Cruz, quienes abordaron temas como evaluaci\u00f3n de la escena, activaci\u00f3n del sistema de emergencias, evaluaci\u00f3n del paciente y el tratamiento de obstrucci\u00f3n de v\u00edas a\u00e9reas por cuerpos extra\u00f1os.<\/p>\n\n\n\n<p>Adem\u00e1s, incluyeron pr\u00e1cticas de Reanimaci\u00f3n Cardiopulmonar (RCP), maniobra de Heimlich, tratamiento de heridas y hemorragias, manejo de fracturas, luxaciones, esguinces, quemaduras, intoxicaciones, y lesiones por fauna.<\/p>\n\n\n\n<p>El curso incluy\u00f3 tres evaluaciones: diagn\u00f3stico inicial, evaluaci\u00f3n te\u00f3rica y una pr\u00e1ctica al final del curso; en la evaluaci\u00f3n pr\u00e1ctica, se presentaron casos simulados de personas lesionadas, al finalizar el curso los participantes recibieron una constancia avalada a nivel federal, certificando su capacidad para actuar como primer respondiente ante una urgencia m\u00e9dica.<\/p>\n","protected":false},"excerpt":{"rendered":"<p>SALTILLO, Coahuila. 13 de junio de 2024. Para fortalecer la capacidad de respuesta ante emergencias dentro de la comunidad universitaria, la Universidad Aut\u00f3noma de Coahuila a trav\u00e9s del \u00c1rea de Acci\u00f3n Social de la Rector\u00eda y Protecci\u00f3n Civil Universitaria, en colaboraci\u00f3n con el Sistema de Atenci\u00f3n M\u00e9dica de Urgencias (SAMU) de la Secretar\u00eda de Salud [&hellip;]<\/p>\n","protected":false},"author":1,"featured_media":6245,"comment_status":"open","ping_status":"open","sticky":false,"template":"","format":"standard","meta":{"_monsterinsights_skip_tracking":false,"_monsterinsights_sitenote_active":false,"_monsterinsights_sitenote_note":"","_monsterinsights_sitenote_category":0,"footnotes":""},"categories":[1],"tags":[],"_links":{"self":[{"href":"https:\/\/zonalimitrofe-cbnr.com\/index.php\/wp-json\/wp\/v2\/posts\/6244"}],"collection":[{"href":"https:\/\/zonalimitrofe-cbnr.com\/index.php\/wp-json\/wp\/v2\/posts"}],"about":[{"href":"https:\/\/zonalimitrofe-cbnr.com\/index.php\/wp-json\/wp\/v2\/types\/post"}],"author":[{"embeddable":true,"href":"https:\/\/zonalimitrofe-cbnr.com\/index.php\/wp-json\/wp\/v2\/users\/1"}],"replies":[{"embeddable":true,"href":"https:\/\/zonalimitrofe-cbnr.com\/index.php\/wp-json\/wp\/v2\/comments?post=6244"}],"version-history":[{"count":1,"href":"https:\/\/zonalimitrofe-cbnr.com\/index.php\/wp-json\/wp\/v2\/posts\/6244\/revisions"}],"predecessor-version":[{"id":6246,"href":"https:\/\/zonalimitrofe-cbnr.com\/index.php\/wp-json\/wp\/v2\/posts\/6244\/revisions\/6246"}],"wp:featuredmedia":[{"embeddable":true,"href":"https:\/\/zonalimitrofe-cbnr.com\/index.php\/wp-json\/wp\/v2\/media\/6245"}],"wp:attachment":[{"href":"https:\/\/zonalimitrofe-cbnr.com\/index.php\/wp-json\/wp\/v2\/media?parent=6244"}],"wp:term":[{"taxonomy":"category","embeddable":true,"href":"https:\/\/zonalimitrofe-cbnr.com\/index.php\/wp-json\/wp\/v2\/categories?post=6244"},{"taxonomy":"post_tag","embeddable":true,"href":"https:\/\/zonalimitrofe-cbnr.com\/index.php\/wp-json\/wp\/v2\/tags?post=6244"}],"curies":[{"name":"wp","href":"https:\/\/api.w.org\/{rel}","templated":true}]}}