{"id":6241,"date":"2024-06-13T13:56:20","date_gmt":"2024-06-13T19:56:20","guid":{"rendered":"https:\/\/zonalimitrofe-cbnr.com\/?p=6241"},"modified":"2024-06-13T13:56:20","modified_gmt":"2024-06-13T19:56:20","slug":"gp-tendra-dif-venta-de-pollos-estilo-inigo-en-la-feria-gomez-palacio-2024","status":"publish","type":"post","link":"https:\/\/zonalimitrofe-cbnr.com\/index.php\/2024\/06\/13\/gp-tendra-dif-venta-de-pollos-estilo-inigo-en-la-feria-gomez-palacio-2024\/","title":{"rendered":"#GP. Tendr\u00e1 DIF venta de pollos estilo \u00cd\u00f1igo en la Feria G\u00f3mez Palacio 2024*"},"content":{"rendered":"\n<p>El Sistema para el Desarrollo Integral de la Familia (DIF), por segundo a\u00f1o consecutivo, abrir\u00e1 las puertas de su stand el pr\u00f3ximo 14 de junio en las instalaciones de la ExpoFeria, para dar inicio a la venta de pollo y boneless ba\u00f1ados con la tradicional receta estilo \u00cd\u00f1igo y cuyos recursos servir\u00e1n para apoyar las causas nobles.<\/p>\n\n\n\n<p>Brenda Calder\u00f3n Carrete, titular del DIF G\u00f3mez Palacio, hizo una atenta invitaci\u00f3n al p\u00fablico en general, a que este viernes acudan a disfrutar junto con su familia del arranque de la Feria de G\u00f3mez Palacio 2024, evento que es reflejo del esp\u00edritu festivo y hospitalario de esta ciudad.<\/p>\n\n\n\n<p>Mencion\u00f3 que el DIF, abrir\u00e1 su stand en donde las familias podr\u00e1n consumir y degustar de este platillo, que es emblem\u00e1tico de la Comarca Lagunera. Pollo asado al carb\u00f3n, marinado con sal y lim\u00f3n y ba\u00f1ado con la receta secreta \u00cd\u00f1igo y que este a\u00f1o como novedad, agrega la venta de boneless de pollo con papas, ba\u00f1ados con la misma receta.<\/p>\n\n\n\n<p>Dijo que gracias a las gestiones realizadas por la presidenta municipal Leticia Herrera Ale, este platillo puede ahora degustarlo cientos de familias en G\u00f3mez Palacio. \u201cVengan a conocer nuestro stand, es un lugar bonito y con agradable ambiente familiar donde hay sillas, mesas, aguas frescas, pero sobre todo una atenci\u00f3n de primera por parte del personal del DIF\u201d, se\u00f1al\u00f3 Campos Dom\u00ednguez.<\/p>\n","protected":false},"excerpt":{"rendered":"<p>El Sistema para el Desarrollo Integral de la Familia (DIF), por segundo a\u00f1o consecutivo, abrir\u00e1 las puertas de su stand el pr\u00f3ximo 14 de junio en las instalaciones de la ExpoFeria, para dar inicio a la venta de pollo y boneless ba\u00f1ados con la tradicional receta estilo \u00cd\u00f1igo y cuyos recursos servir\u00e1n para apoyar las [&hellip;]<\/p>\n","protected":false},"author":1,"featured_media":6242,"comment_status":"open","ping_status":"open","sticky":false,"template":"","format":"standard","meta":{"_monsterinsights_skip_tracking":false,"_monsterinsights_sitenote_active":false,"_monsterinsights_sitenote_note":"","_monsterinsights_sitenote_category":0,"footnotes":""},"categories":[1],"tags":[],"_links":{"self":[{"href":"https:\/\/zonalimitrofe-cbnr.com\/index.php\/wp-json\/wp\/v2\/posts\/6241"}],"collection":[{"href":"https:\/\/zonalimitrofe-cbnr.com\/index.php\/wp-json\/wp\/v2\/posts"}],"about":[{"href":"https:\/\/zonalimitrofe-cbnr.com\/index.php\/wp-json\/wp\/v2\/types\/post"}],"author":[{"embeddable":true,"href":"https:\/\/zonalimitrofe-cbnr.com\/index.php\/wp-json\/wp\/v2\/users\/1"}],"replies":[{"embeddable":true,"href":"https:\/\/zonalimitrofe-cbnr.com\/index.php\/wp-json\/wp\/v2\/comments?post=6241"}],"version-history":[{"count":1,"href":"https:\/\/zonalimitrofe-cbnr.com\/index.php\/wp-json\/wp\/v2\/posts\/6241\/revisions"}],"predecessor-version":[{"id":6243,"href":"https:\/\/zonalimitrofe-cbnr.com\/index.php\/wp-json\/wp\/v2\/posts\/6241\/revisions\/6243"}],"wp:featuredmedia":[{"embeddable":true,"href":"https:\/\/zonalimitrofe-cbnr.com\/index.php\/wp-json\/wp\/v2\/media\/6242"}],"wp:attachment":[{"href":"https:\/\/zonalimitrofe-cbnr.com\/index.php\/wp-json\/wp\/v2\/media?parent=6241"}],"wp:term":[{"taxonomy":"category","embeddable":true,"href":"https:\/\/zonalimitrofe-cbnr.com\/index.php\/wp-json\/wp\/v2\/categories?post=6241"},{"taxonomy":"post_tag","embeddable":true,"href":"https:\/\/zonalimitrofe-cbnr.com\/index.php\/wp-json\/wp\/v2\/tags?post=6241"}],"curies":[{"name":"wp","href":"https:\/\/api.w.org\/{rel}","templated":true}]}}