{"id":6172,"date":"2024-06-11T19:02:59","date_gmt":"2024-06-12T01:02:59","guid":{"rendered":"https:\/\/zonalimitrofe-cbnr.com\/?p=6172"},"modified":"2024-06-11T19:02:59","modified_gmt":"2024-06-12T01:02:59","slug":"durango-regresan-esteban-y-lety-la-movilidad-a-gomez-palacio-con-paso-inferior-vehicular-5-de-mayo-queda-libre-de-embotellamientos-por-paso-del-tren","status":"publish","type":"post","link":"https:\/\/zonalimitrofe-cbnr.com\/index.php\/2024\/06\/11\/durango-regresan-esteban-y-lety-la-movilidad-a-gomez-palacio-con-paso-inferior-vehicular-5-de-mayo-queda-libre-de-embotellamientos-por-paso-del-tren\/","title":{"rendered":"#Durango. Regresan Esteban y Lety la movilidad a G\u00f3mez Palacio con Paso Inferior Vehicular \u201c5 de Mayo\u201d; queda libre de embotellamientos por paso del tren*"},"content":{"rendered":"\n<ul>\n<li><em>Proyecto representa una inversi\u00f3n de m\u00e1s de 115 millones de pesos; fue obra inconclusa del gobierno anterior y ya lleva un avance del 92%; s\u00f3lo le falta paso peatonal, ciclista e iluminaci\u00f3n.<\/em><\/li>\n\n\n\n<li><em>Apertura del PIV resuelve de manera total los problemas de embotellamiento que se generaban varias veces al d\u00eda.<\/em><\/li>\n<\/ul>\n\n\n\n<p>G\u00f3mez Palacio, Dgo.- \u201cYa est\u00e1 funcionando el Paso Inferior Vehicular \u201c5 de Mayo\u201d, solo le falta un 10 por ciento, pero era necesario abrirlo para una mejor atenci\u00f3n a la gente, en un mes estar\u00e1 concluido, lo dejaremos bien y bonito\u201d, expres\u00f3 el gobernador Esteban Villegas Villarreal, al supervisar junto a la presidenta municipal, Lety Herrera el avance de esta obra con la que regresa la movilidad despu\u00e9s de dos a\u00f1os en pausa.<\/p>\n\n\n\n<p>Este proyecto representa una inversi\u00f3n de m\u00e1s de 115 millones de pesos y al momento lleva un avance del 92 por ciento; los faltantes son el paso peatonal, ciclista, iluminaci\u00f3n y detalles en las 170 columnas que tiene el Puente, as\u00ed como el c\u00e1rcamo de bombeo, para que cuando llegan las lluvias no se inunde, detall\u00f3 Villegas Villarreal.<\/p>\n\n\n\n<p>Con la apertura del PIV quedan resueltos de manera total y definitiva los problemas de embotellamiento que se generaba varias veces al d\u00eda, por el paso del tren, lo cual era una exigencia ciudadana, sobre todo de los habitantes de la zona y comerciantes, quienes por mucho tiempo sufrieron las consecuencias sociales y econ\u00f3micas de esta obra, pr\u00e1cticamente olvidada por el sexenio anterior.<\/p>\n\n\n\n<p>El Mandatario explic\u00f3 que la obra a\u00fan est\u00e1 en proceso, por lo que la circulaci\u00f3n se interrumpir\u00e1 brevemente en algunos momentos para continuar con los trabajos.<\/p>\n\n\n\n<p>Al felicitar a Esteban por el gran avance del Puente Inferior, la presidenta de G\u00f3mez Palacio, Leticia Herrera destac\u00f3 la importancia de esta obra para los gomezpalatinos, pues ya no se tendr\u00e1n embotellamientos y ahora contar\u00e1n con un espacio digno y fluido para transitar.<\/p>\n\n\n\n<p>Vecinos del sector, m\u00e1s de 40 comerciantes y peque\u00f1os emprendedores, se mostraron satisfechos de la apertura de dicha v\u00eda, ya que con ello, se devuelve la esperanza de que sus establecimientos recuperen sus ventas y eleven el consumo de la zona.<\/p>\n\n\n\n<p>Aunque las interrupciones ser\u00e1n intermitentes, todo es con el fin de que se concluya al cien por ciento la obra y los gomezpalatinos puedan disfrutar de una vialidad que agilice sus traslados.<\/p>\n\n\n\n<p>Cabe mencionar que el Paso Inferior Vehicular de la calle 5 de Mayo, tiene una longitud de punta a punta de 240 metros lineales, una altura que permite paso de veh\u00edculos de hasta 5.15 metros; sobre la avenida Enrique Unzueta, el flujo ser\u00e1\u0301 continuo en ambos sentidos gracias a la apertura de dos carriles.<\/p>\n","protected":false},"excerpt":{"rendered":"<p>G\u00f3mez Palacio, Dgo.- \u201cYa est\u00e1 funcionando el Paso Inferior Vehicular \u201c5 de Mayo\u201d, solo le falta un 10 por ciento, pero era necesario abrirlo para una mejor atenci\u00f3n a la gente, en un mes estar\u00e1 concluido, lo dejaremos bien y bonito\u201d, expres\u00f3 el gobernador Esteban Villegas Villarreal, al supervisar junto a la presidenta municipal, Lety [&hellip;]<\/p>\n","protected":false},"author":1,"featured_media":6173,"comment_status":"open","ping_status":"open","sticky":false,"template":"","format":"standard","meta":{"_monsterinsights_skip_tracking":false,"_monsterinsights_sitenote_active":false,"_monsterinsights_sitenote_note":"","_monsterinsights_sitenote_category":0,"footnotes":""},"categories":[1],"tags":[],"_links":{"self":[{"href":"https:\/\/zonalimitrofe-cbnr.com\/index.php\/wp-json\/wp\/v2\/posts\/6172"}],"collection":[{"href":"https:\/\/zonalimitrofe-cbnr.com\/index.php\/wp-json\/wp\/v2\/posts"}],"about":[{"href":"https:\/\/zonalimitrofe-cbnr.com\/index.php\/wp-json\/wp\/v2\/types\/post"}],"author":[{"embeddable":true,"href":"https:\/\/zonalimitrofe-cbnr.com\/index.php\/wp-json\/wp\/v2\/users\/1"}],"replies":[{"embeddable":true,"href":"https:\/\/zonalimitrofe-cbnr.com\/index.php\/wp-json\/wp\/v2\/comments?post=6172"}],"version-history":[{"count":1,"href":"https:\/\/zonalimitrofe-cbnr.com\/index.php\/wp-json\/wp\/v2\/posts\/6172\/revisions"}],"predecessor-version":[{"id":6174,"href":"https:\/\/zonalimitrofe-cbnr.com\/index.php\/wp-json\/wp\/v2\/posts\/6172\/revisions\/6174"}],"wp:featuredmedia":[{"embeddable":true,"href":"https:\/\/zonalimitrofe-cbnr.com\/index.php\/wp-json\/wp\/v2\/media\/6173"}],"wp:attachment":[{"href":"https:\/\/zonalimitrofe-cbnr.com\/index.php\/wp-json\/wp\/v2\/media?parent=6172"}],"wp:term":[{"taxonomy":"category","embeddable":true,"href":"https:\/\/zonalimitrofe-cbnr.com\/index.php\/wp-json\/wp\/v2\/categories?post=6172"},{"taxonomy":"post_tag","embeddable":true,"href":"https:\/\/zonalimitrofe-cbnr.com\/index.php\/wp-json\/wp\/v2\/tags?post=6172"}],"curies":[{"name":"wp","href":"https:\/\/api.w.org\/{rel}","templated":true}]}}