{"id":6154,"date":"2024-06-11T18:40:56","date_gmt":"2024-06-12T00:40:56","guid":{"rendered":"https:\/\/zonalimitrofe-cbnr.com\/?p=6154"},"modified":"2024-06-11T18:40:56","modified_gmt":"2024-06-12T00:40:56","slug":"lerdo-este-miercoles-habra-jornada-de-reclutamiento-laboral","status":"publish","type":"post","link":"https:\/\/zonalimitrofe-cbnr.com\/index.php\/2024\/06\/11\/lerdo-este-miercoles-habra-jornada-de-reclutamiento-laboral\/","title":{"rendered":"#Lerdo. ESTE MI\u00c9RCOLES HABR\u00c1 JORNADA DE RECLUTAMIENTO LABORAL"},"content":{"rendered":"\n<p>Lerdo, 11 de junio 2024.- El Gobierno Municipal de Lerdo invita a todos los interesados a participar en la pr\u00f3xima edici\u00f3n de Jornada del Empleo, que se llevar\u00e1 a cabo este mi\u00e9rcoles 12 de junio a partir de las 10:00 de la ma\u00f1ana en la plaza Principal. En esta ocasi\u00f3n, las empresas Elektra y Banco Azteca estar\u00e1n presentes para ofrecer diversas oportunidades laborales.<\/p>\n\n\n\n<p>Yuridia Palacios, jefa del departamento de Bolsa de Trabajo, inform\u00f3 que las vacantes disponibles incluyen puestos de gestor de cobranza, ventas y atenci\u00f3n a clientes.<\/p>\n\n\n\n<p>\u201cLos interesados se deber\u00e1n presentar con su solicitud de empleo previamente elaborada o curr\u00edculum vitae. Tambi\u00e9n con copia de la CURP, comprobante de domicilio e identificaci\u00f3n oficial\u201d<\/p>\n\n\n\n<p>Se\u00f1al\u00f3 que esta ser\u00e1 una excelente oportunidad para aquellos que buscan integrarse al mercado laboral y desarrollar sus capacidades y habilidades en empresas reconocidas, por lo que agreg\u00f3, es importante dar una buena impresi\u00f3n durante la entrevista laboral.<\/p>\n\n\n\n<p>Para mayor informaci\u00f3n, los buscadores de empleo pueden comunicarse al n\u00famero 87 17 44 29 68 para llamadas, y al 87 12 51 08 10 a trav\u00e9s de WhatsApp.<\/p>\n","protected":false},"excerpt":{"rendered":"<p>Lerdo, 11 de junio 2024.- El Gobierno Municipal de Lerdo invita a todos los interesados a participar en la pr\u00f3xima edici\u00f3n de Jornada del Empleo, que se llevar\u00e1 a cabo este mi\u00e9rcoles 12 de junio a partir de las 10:00 de la ma\u00f1ana en la plaza Principal. En esta ocasi\u00f3n, las empresas Elektra y Banco [&hellip;]<\/p>\n","protected":false},"author":1,"featured_media":6155,"comment_status":"open","ping_status":"open","sticky":false,"template":"","format":"standard","meta":{"_monsterinsights_skip_tracking":false,"_monsterinsights_sitenote_active":false,"_monsterinsights_sitenote_note":"","_monsterinsights_sitenote_category":0,"footnotes":""},"categories":[1],"tags":[],"_links":{"self":[{"href":"https:\/\/zonalimitrofe-cbnr.com\/index.php\/wp-json\/wp\/v2\/posts\/6154"}],"collection":[{"href":"https:\/\/zonalimitrofe-cbnr.com\/index.php\/wp-json\/wp\/v2\/posts"}],"about":[{"href":"https:\/\/zonalimitrofe-cbnr.com\/index.php\/wp-json\/wp\/v2\/types\/post"}],"author":[{"embeddable":true,"href":"https:\/\/zonalimitrofe-cbnr.com\/index.php\/wp-json\/wp\/v2\/users\/1"}],"replies":[{"embeddable":true,"href":"https:\/\/zonalimitrofe-cbnr.com\/index.php\/wp-json\/wp\/v2\/comments?post=6154"}],"version-history":[{"count":1,"href":"https:\/\/zonalimitrofe-cbnr.com\/index.php\/wp-json\/wp\/v2\/posts\/6154\/revisions"}],"predecessor-version":[{"id":6156,"href":"https:\/\/zonalimitrofe-cbnr.com\/index.php\/wp-json\/wp\/v2\/posts\/6154\/revisions\/6156"}],"wp:featuredmedia":[{"embeddable":true,"href":"https:\/\/zonalimitrofe-cbnr.com\/index.php\/wp-json\/wp\/v2\/media\/6155"}],"wp:attachment":[{"href":"https:\/\/zonalimitrofe-cbnr.com\/index.php\/wp-json\/wp\/v2\/media?parent=6154"}],"wp:term":[{"taxonomy":"category","embeddable":true,"href":"https:\/\/zonalimitrofe-cbnr.com\/index.php\/wp-json\/wp\/v2\/categories?post=6154"},{"taxonomy":"post_tag","embeddable":true,"href":"https:\/\/zonalimitrofe-cbnr.com\/index.php\/wp-json\/wp\/v2\/tags?post=6154"}],"curies":[{"name":"wp","href":"https:\/\/api.w.org\/{rel}","templated":true}]}}