{"id":6115,"date":"2024-06-10T16:54:34","date_gmt":"2024-06-10T22:54:34","guid":{"rendered":"https:\/\/zonalimitrofe-cbnr.com\/?p=6115"},"modified":"2024-06-10T16:54:35","modified_gmt":"2024-06-10T22:54:35","slug":"uadec-abrira-campamento-de-verano-para-ninas-y-ninos-lobos-camp","status":"publish","type":"post","link":"https:\/\/zonalimitrofe-cbnr.com\/index.php\/2024\/06\/10\/uadec-abrira-campamento-de-verano-para-ninas-y-ninos-lobos-camp\/","title":{"rendered":"#UAdeC. Abrir\u00e1 Campamento de Verano para Ni\u00f1as y Ni\u00f1os &#8220;Lobos Camp\u201d"},"content":{"rendered":"\n<p>SALTILLO, Coahuila. 10 de junio de 2024. En conferencia de prensa el rector de la Universidad Aut\u00f3noma de Coahuila, Octavio Pimentel Mart\u00ednez, anunci\u00f3 la reactivaci\u00f3n del campamento de verano para ni\u00f1as y ni\u00f1os que se desarrollar\u00e1 simult\u00e1neamente en las Unidades Saltillo, Torre\u00f3n y Norte del 8 al 19 de julio de 2024.<\/p>\n\n\n\n<p>El campamento denominado \u201cLobos Camp\u201d, es para ni\u00f1as y ni\u00f1os de 5 a 12 a\u00f1os, asistir\u00e1n de lunes a viernes de 9:00 a 13:00 horas en dos talleres a elegir, entre Artes pl\u00e1sticas, Rob\u00f3tica, Manualidades, Campismo, Pintura, Ciencia divertida, Expresi\u00f3n musical, Baile, Basquetbol, Voleibol, Tochito y Futbol para ni\u00f1as y ni\u00f1os a elegir dos talleres durante su estancia en el campamento.<\/p>\n\n\n\n<p>En el Foro de Grupos y Talleres de la UAdeC, acompa\u00f1aron al Rector la coordinadora de la Unidad Saltillo, Eva Kerena Hern\u00e1ndez, el coordinador de Difusi\u00f3n y Patrimonio Cultural, F\u00e9lix Ibarra Linares, el coordinador de Deportes, Robertony Garc\u00eda Perera.<\/p>\n\n\n\n<p>Adem\u00e1s del coordinador de Extensi\u00f3n Universitaria, David Hern\u00e1ndez Barrera, la titular de Enlace para la Infraestructura Cultural Universitaria, Claudia S\u00e1nchez Montemayor y la subdirectora de Finanzas, Daniela Vald\u00e9s Barr\u00f3n, quienes destacaron la importancia de este campamento como un espacio para fomentar el desarrollo integral, la sana convivencia y aprendizaje de habilidades y valores en los participantes.<\/p>\n\n\n\n<p>Pimentel Mart\u00ednez celebr\u00f3 el regreso a la Universidad de los cursos de verano, como un compromiso cumplido \u201cEl prop\u00f3sito es contribuir al desarrollo de las y los universitarios y sus hijos, a trav\u00e9s de una experiencia enriquecedora y retomando una valiosa tradici\u00f3n universitaria\u201d, se\u00f1al\u00f3.<\/p>\n\n\n\n<p>Mencion\u00f3 que despu\u00e9s de una suspensi\u00f3n de seis a\u00f1os, los cursos regresan con una organizaci\u00f3n renovada, la cual incluir\u00e1 actividades culturales, deportivas y temas sociales apoyadas por el proyecto \u201cLobos en Acci\u00f3n\u201d, as\u00ed como de diversas dependencias de la Universidad, la participaci\u00f3n de talleristas invitados y alumnos becarios que realizar\u00e1n su servicio social durante las dos semanas del campamento.<\/p>\n\n\n\n<p>Por su parte, la titular de Enlace para la Infraestructura Cultural Universitaria y coordinadora del Campamento, Claudia S\u00e1nchez Montemayor, detall\u00f3 que los cursos se llevar\u00e1n a cabo del 8 al 19 de julio en las instalaciones del Ateneo Fuente,<\/p>\n\n\n\n<p>en la Unidad Torre\u00f3n en las instalaciones de la Escuela de Bachilleres \u201cVenustiano Carranza\u201d (PVC), y en la Unidad Norte en el campus universitario de Monclova.<\/p>\n\n\n\n<p>Las inscripciones estar\u00e1n disponibles del 17 al 28 de junio a trav\u00e9s de la p\u00e1gina web www.isiia.uadec.mx\/lobocamp\/, la cuota de recuperaci\u00f3n para hijos de trabajadores UAdeC es de $400 pesos y para el p\u00fablico en general de $1,500 pesos, incluye materiales, refrigerio y una playera; la capacidad total ser\u00e1 de mil 100 ni\u00f1os, distribuidos 600 en Saltillo, 300 en Torre\u00f3n y 200 en Monclova.<\/p>\n\n\n\n<p>Por su parte, la coordinadora de la Unidad Saltillo, Eva Kerena Hern\u00e1ndez, enfatiz\u00f3 que el personal que estar\u00e1 a cargo de los ni\u00f1os y ni\u00f1as participantes estar\u00e1 capacitado como \u201cPrimer respondiente\u201d para garantizar la seguridad de los menores en cualquier situaci\u00f3n que se presente.<\/p>\n\n\n\n<p>Par m\u00e1s informaci\u00f3n comunicarse a la Coordinaci\u00f3n de Comunicaci\u00f3n y Relaciones P\u00fablicas en horario de 9:00 a 14:00 horas, con la Lic. Karen Garc\u00eda Alvizo al tel\u00e9fono (844) 438 16 38.<\/p>\n","protected":false},"excerpt":{"rendered":"<p>SALTILLO, Coahuila. 10 de junio de 2024. En conferencia de prensa el rector de la Universidad Aut\u00f3noma de Coahuila, Octavio Pimentel Mart\u00ednez, anunci\u00f3 la reactivaci\u00f3n del campamento de verano para ni\u00f1as y ni\u00f1os que se desarrollar\u00e1 simult\u00e1neamente en las Unidades Saltillo, Torre\u00f3n y Norte del 8 al 19 de julio de 2024. El campamento denominado [&hellip;]<\/p>\n","protected":false},"author":1,"featured_media":6116,"comment_status":"open","ping_status":"open","sticky":false,"template":"","format":"standard","meta":{"_monsterinsights_skip_tracking":false,"_monsterinsights_sitenote_active":false,"_monsterinsights_sitenote_note":"","_monsterinsights_sitenote_category":0,"footnotes":""},"categories":[1],"tags":[],"_links":{"self":[{"href":"https:\/\/zonalimitrofe-cbnr.com\/index.php\/wp-json\/wp\/v2\/posts\/6115"}],"collection":[{"href":"https:\/\/zonalimitrofe-cbnr.com\/index.php\/wp-json\/wp\/v2\/posts"}],"about":[{"href":"https:\/\/zonalimitrofe-cbnr.com\/index.php\/wp-json\/wp\/v2\/types\/post"}],"author":[{"embeddable":true,"href":"https:\/\/zonalimitrofe-cbnr.com\/index.php\/wp-json\/wp\/v2\/users\/1"}],"replies":[{"embeddable":true,"href":"https:\/\/zonalimitrofe-cbnr.com\/index.php\/wp-json\/wp\/v2\/comments?post=6115"}],"version-history":[{"count":1,"href":"https:\/\/zonalimitrofe-cbnr.com\/index.php\/wp-json\/wp\/v2\/posts\/6115\/revisions"}],"predecessor-version":[{"id":6117,"href":"https:\/\/zonalimitrofe-cbnr.com\/index.php\/wp-json\/wp\/v2\/posts\/6115\/revisions\/6117"}],"wp:featuredmedia":[{"embeddable":true,"href":"https:\/\/zonalimitrofe-cbnr.com\/index.php\/wp-json\/wp\/v2\/media\/6116"}],"wp:attachment":[{"href":"https:\/\/zonalimitrofe-cbnr.com\/index.php\/wp-json\/wp\/v2\/media?parent=6115"}],"wp:term":[{"taxonomy":"category","embeddable":true,"href":"https:\/\/zonalimitrofe-cbnr.com\/index.php\/wp-json\/wp\/v2\/categories?post=6115"},{"taxonomy":"post_tag","embeddable":true,"href":"https:\/\/zonalimitrofe-cbnr.com\/index.php\/wp-json\/wp\/v2\/tags?post=6115"}],"curies":[{"name":"wp","href":"https:\/\/api.w.org\/{rel}","templated":true}]}}