{"id":6094,"date":"2024-06-09T17:10:44","date_gmt":"2024-06-09T23:10:44","guid":{"rendered":"https:\/\/zonalimitrofe-cbnr.com\/?p=6094"},"modified":"2024-06-09T17:10:44","modified_gmt":"2024-06-09T23:10:44","slug":"torreon-elementos-de-proteccion-civil-y-bomberos-se-capacitan-para-la-atencion-de-personas-con-intencion-suicida","status":"publish","type":"post","link":"https:\/\/zonalimitrofe-cbnr.com\/index.php\/2024\/06\/09\/torreon-elementos-de-proteccion-civil-y-bomberos-se-capacitan-para-la-atencion-de-personas-con-intencion-suicida\/","title":{"rendered":"#Torre\u00f3n. Elementos de Protecci\u00f3n Civil y Bomberos se capacitan para la atenci\u00f3n de personas con intenci\u00f3n suicida"},"content":{"rendered":"\n<p>Torre\u00f3n, Coahuila. A 09 de junio de 2024.<\/p>\n\n\n\n<p>Como parte de las capacitaciones y actualizaciones permanentes que recibe el personal de la Direcci\u00f3n de Protecci\u00f3n Civil y Bomberos de Torre\u00f3n, para la atenci\u00f3n de emergencias, durante el mes de mayo se brind\u00f3 la instrucci\u00f3n por parte de especialistas en la salud mental, sobre el abordaje de personas con intenci\u00f3n suicida.<\/p>\n\n\n\n<p>Jorge Luis Ju\u00e1rez Llanas, director de la dependencia, inform\u00f3 que en lo que va del a\u00f1o, la dependencia ha atendido en esta ciudad dos casos de mujeres y cinco de hombres con intenci\u00f3n suicida, con rango de edad de entre los 10 y 61 a\u00f1os.<\/p>\n\n\n\n<p>En cuanto a la m\u00e1s reciente capacitaci\u00f3n, dijo que fueron 25 elementos de la dependencia, los que recibieron la pl\u00e1tica, a cargo de terapeutas de la cl\u00ednica 71 del Instituto Mexicano del Seguro Social (IMSS).<\/p>\n\n\n\n<p>\u201cEl tema central fue c\u00f3mo abordar a una persona que est\u00e1 en esa situaci\u00f3n, en el caso de Protecci\u00f3n Civil y Bomberos, los reportes de emergencia que recibimos son los relacionados con el uso de estructuras altas para cumplir su prop\u00f3sito, como son los puentes, torres o cualquier otro edificio\u201d, mencion\u00f3.<\/p>\n\n\n\n<p>En ese sentido dijo que la capacitaci\u00f3n para la atenci\u00f3n de esta problem\u00e1tica es permanente, por lo que el personal de la dependencia ha adquirido en diferentes cursos, las herramientas necesarias para el tratamiento de las personas que ponen en riesgo su vida.<\/p>\n\n\n\n<p>Ju\u00e1rez Llanas resalt\u00f3 la importancia de que como primer respondiente en una emergencia de esta \u00edndole, el personal est\u00e9 preparado para acercarse a las personas con intenci\u00f3n suicida y lograr disuadirlas para ponerlas a salvo y contenerlas en tanto llega un familiar, as\u00ed como el apoyo m\u00e9dico y psicol\u00f3gico.<\/p>\n\n\n\n<p>\u201cEs parte de la profesionalizaci\u00f3n que tienen los elementos para brindar un mejor servicio a la ciudadan\u00eda, el capacitarse continuamente en las diferentes \u00e1reas de atenci\u00f3n como en este caso, donde se ha instruido anteriormente a otros grupos, logrando que todo el personal cuente con las herramientas de apoyo en situaciones como estas\u201d, se\u00f1al\u00f3 el director<\/p>\n","protected":false},"excerpt":{"rendered":"<p>Torre\u00f3n, Coahuila. A 09 de junio de 2024. Como parte de las capacitaciones y actualizaciones permanentes que recibe el personal de la Direcci\u00f3n de Protecci\u00f3n Civil y Bomberos de Torre\u00f3n, para la atenci\u00f3n de emergencias, durante el mes de mayo se brind\u00f3 la instrucci\u00f3n por parte de especialistas en la salud mental, sobre el abordaje [&hellip;]<\/p>\n","protected":false},"author":1,"featured_media":6095,"comment_status":"open","ping_status":"open","sticky":false,"template":"","format":"standard","meta":{"_monsterinsights_skip_tracking":false,"_monsterinsights_sitenote_active":false,"_monsterinsights_sitenote_note":"","_monsterinsights_sitenote_category":0,"footnotes":""},"categories":[1],"tags":[],"_links":{"self":[{"href":"https:\/\/zonalimitrofe-cbnr.com\/index.php\/wp-json\/wp\/v2\/posts\/6094"}],"collection":[{"href":"https:\/\/zonalimitrofe-cbnr.com\/index.php\/wp-json\/wp\/v2\/posts"}],"about":[{"href":"https:\/\/zonalimitrofe-cbnr.com\/index.php\/wp-json\/wp\/v2\/types\/post"}],"author":[{"embeddable":true,"href":"https:\/\/zonalimitrofe-cbnr.com\/index.php\/wp-json\/wp\/v2\/users\/1"}],"replies":[{"embeddable":true,"href":"https:\/\/zonalimitrofe-cbnr.com\/index.php\/wp-json\/wp\/v2\/comments?post=6094"}],"version-history":[{"count":1,"href":"https:\/\/zonalimitrofe-cbnr.com\/index.php\/wp-json\/wp\/v2\/posts\/6094\/revisions"}],"predecessor-version":[{"id":6096,"href":"https:\/\/zonalimitrofe-cbnr.com\/index.php\/wp-json\/wp\/v2\/posts\/6094\/revisions\/6096"}],"wp:featuredmedia":[{"embeddable":true,"href":"https:\/\/zonalimitrofe-cbnr.com\/index.php\/wp-json\/wp\/v2\/media\/6095"}],"wp:attachment":[{"href":"https:\/\/zonalimitrofe-cbnr.com\/index.php\/wp-json\/wp\/v2\/media?parent=6094"}],"wp:term":[{"taxonomy":"category","embeddable":true,"href":"https:\/\/zonalimitrofe-cbnr.com\/index.php\/wp-json\/wp\/v2\/categories?post=6094"},{"taxonomy":"post_tag","embeddable":true,"href":"https:\/\/zonalimitrofe-cbnr.com\/index.php\/wp-json\/wp\/v2\/tags?post=6094"}],"curies":[{"name":"wp","href":"https:\/\/api.w.org\/{rel}","templated":true}]}}