{"id":6084,"date":"2024-06-08T22:40:22","date_gmt":"2024-06-09T04:40:22","guid":{"rendered":"https:\/\/zonalimitrofe-cbnr.com\/?p=6084"},"modified":"2024-06-08T22:40:23","modified_gmt":"2024-06-09T04:40:23","slug":"durango-cuenta-con-energia-suficiente-para-la-llegada-de-nuevas-industrias","status":"publish","type":"post","link":"https:\/\/zonalimitrofe-cbnr.com\/index.php\/2024\/06\/08\/durango-cuenta-con-energia-suficiente-para-la-llegada-de-nuevas-industrias\/","title":{"rendered":"#Durango cuenta con energ\u00eda suficiente para la llegada de nuevas industrias*"},"content":{"rendered":"\n<ul>\n<li><em>Gobierno de Esteban Villegas abre la Unidad de Atracci\u00f3n de Inversi\u00f3n Extranjera, para lograr atraer m\u00e1s empresas que generen empleos.<\/em><\/li>\n\n\n\n<li><em>\u201cA Durango le esperan cosas muy buenas; tiene m\u00e1s de 40 proyectos en cartera\u201d: Arturo Ort\u00edz Gal\u00e1n.<\/em><\/li>\n<\/ul>\n\n\n\n<p>Comarca Lagunera.- Durango y la Regi\u00f3n Laguna tienen suficiente capacidad en materia de energ\u00eda e incluso energ\u00eda ociosa que no se utiliza y eso, es garant\u00eda para las nuevas empresas que est\u00e1n por llegar a la entidad, asegur\u00f3 Arturo Ortiz Gal\u00e1n titular de la reci\u00e9n creada Unidad de Atracci\u00f3n de Inversi\u00f3n Extranjera, y subsecretario de Desarrollo Econ\u00f3mico (SEDECO) en la Regi\u00f3n Laguna.<\/p>\n\n\n\n<p>En entrevista, el funcionario estatal destac\u00f3 que la Unidad de Atracci\u00f3n de Inversi\u00f3n Extranjera tiene el prop\u00f3sito de fortalecer m\u00e1s las relaciones comerciales a nivel internacional y seguir ubicando a Durango en los ojos del mundo.<\/p>\n\n\n\n<p>Record\u00f3 que el gobernador Esteban Villegas Villarreal, anunci\u00f3 que este 2024 se contar\u00e1 con 31 proyectos comerciales que representan una inversi\u00f3n global de 30 mil 300 millones de pesos y m\u00e1s de 26 mil empleos directos.<\/p>\n\n\n\n<p>\u201cTenemos nosotros cerca de 40 proyectos por cerrarse, que eso superar\u00eda a\u00fan much\u00edsimo m\u00e1s esos 30 mil millones de pesos. Tenemos una proyecci\u00f3n que para este segundo a\u00f1o vamos a cerrar una cantidad mayor, todav\u00eda a la que inform\u00f3 el gobernador en su primer a\u00f1o de gobierno\u201d indic\u00f3.<\/p>\n\n\n\n<p>Arturo Ortiz Gal\u00e1n confirm\u00f3 que en La Laguna ya se tienen listos nuevos proyectos de parques industriales para la salida a Chihuahua, en el coraz\u00f3n del centro de G\u00f3mez Palacio y para Le\u00f3n Guzm\u00e1n, en el municipio de Lerdo.<\/p>\n\n\n\n<p>Destac\u00f3 que, durante el pr\u00f3ximo mes de julio, Esteban Villegas Villarreal habr\u00e1 de dar detalles de un proyecto muy grande de energ\u00edas renovables con una empresa espa\u00f1ola multinacional que meter\u00e1 m\u00e1s de 990 megas de energ\u00eda solar; \u201cnos ayudar\u00e1 como estado, para seguir contando con el super\u00e1vit de energ\u00eda de un 35 por ciento, tal y como lo tenemos hoy\u201d dijo.<\/p>\n\n\n\n<p>El titular de la Unidad de Atracci\u00f3n de Inversi\u00f3n Extranjera agreg\u00f3 que la semana pasada el Gobernador sostuvo una reuni\u00f3n de trabajo con directivos de la empresa Iberdrola M\u00e9xico, quienes confirmaron que traen grandes proyectos de inversi\u00f3n fuertes con la Comisi\u00f3n Federal de Electricidad (CFE), ya que este nuevo gobierno estar\u00e1 abierto a las energ\u00edas renovables, lo que, indudablemente, tranquiliza a los empresarios y a las nuevas inversiones que llegar\u00e1n a la Regi\u00f3n.<\/p>\n\n\n\n<p>Reconoci\u00f3 que para Durango es una fortaleza contar con este super\u00e1vit de energ\u00eda, ya que hay estados vecinos que se encuentran al tope y eso limita muchas acciones.<br>Durango es privilegiado y le esperan cosas muy buenas en este 2024, subray\u00f3.<\/p>\n","protected":false},"excerpt":{"rendered":"<p>Comarca Lagunera.- Durango y la Regi\u00f3n Laguna tienen suficiente capacidad en materia de energ\u00eda e incluso energ\u00eda ociosa que no se utiliza y eso, es garant\u00eda para las nuevas empresas que est\u00e1n por llegar a la entidad, asegur\u00f3 Arturo Ortiz Gal\u00e1n titular de la reci\u00e9n creada Unidad de Atracci\u00f3n de Inversi\u00f3n Extranjera, y subsecretario de [&hellip;]<\/p>\n","protected":false},"author":1,"featured_media":6085,"comment_status":"open","ping_status":"open","sticky":false,"template":"","format":"standard","meta":{"_monsterinsights_skip_tracking":false,"_monsterinsights_sitenote_active":false,"_monsterinsights_sitenote_note":"","_monsterinsights_sitenote_category":0,"footnotes":""},"categories":[1],"tags":[],"_links":{"self":[{"href":"https:\/\/zonalimitrofe-cbnr.com\/index.php\/wp-json\/wp\/v2\/posts\/6084"}],"collection":[{"href":"https:\/\/zonalimitrofe-cbnr.com\/index.php\/wp-json\/wp\/v2\/posts"}],"about":[{"href":"https:\/\/zonalimitrofe-cbnr.com\/index.php\/wp-json\/wp\/v2\/types\/post"}],"author":[{"embeddable":true,"href":"https:\/\/zonalimitrofe-cbnr.com\/index.php\/wp-json\/wp\/v2\/users\/1"}],"replies":[{"embeddable":true,"href":"https:\/\/zonalimitrofe-cbnr.com\/index.php\/wp-json\/wp\/v2\/comments?post=6084"}],"version-history":[{"count":1,"href":"https:\/\/zonalimitrofe-cbnr.com\/index.php\/wp-json\/wp\/v2\/posts\/6084\/revisions"}],"predecessor-version":[{"id":6086,"href":"https:\/\/zonalimitrofe-cbnr.com\/index.php\/wp-json\/wp\/v2\/posts\/6084\/revisions\/6086"}],"wp:featuredmedia":[{"embeddable":true,"href":"https:\/\/zonalimitrofe-cbnr.com\/index.php\/wp-json\/wp\/v2\/media\/6085"}],"wp:attachment":[{"href":"https:\/\/zonalimitrofe-cbnr.com\/index.php\/wp-json\/wp\/v2\/media?parent=6084"}],"wp:term":[{"taxonomy":"category","embeddable":true,"href":"https:\/\/zonalimitrofe-cbnr.com\/index.php\/wp-json\/wp\/v2\/categories?post=6084"},{"taxonomy":"post_tag","embeddable":true,"href":"https:\/\/zonalimitrofe-cbnr.com\/index.php\/wp-json\/wp\/v2\/tags?post=6084"}],"curies":[{"name":"wp","href":"https:\/\/api.w.org\/{rel}","templated":true}]}}