{"id":6041,"date":"2024-06-07T16:24:08","date_gmt":"2024-06-07T22:24:08","guid":{"rendered":"https:\/\/zonalimitrofe-cbnr.com\/?p=6041"},"modified":"2024-06-07T16:24:08","modified_gmt":"2024-06-07T22:24:08","slug":"torreon-roman-alberto-cepeda-gonzalez-destaca-coordinacion-con-ejercito-mexicano-guardia-nacional-y-mando-especial-en-materia-de-seguridad","status":"publish","type":"post","link":"https:\/\/zonalimitrofe-cbnr.com\/index.php\/2024\/06\/07\/torreon-roman-alberto-cepeda-gonzalez-destaca-coordinacion-con-ejercito-mexicano-guardia-nacional-y-mando-especial-en-materia-de-seguridad\/","title":{"rendered":"#Torre\u00f3n. Rom\u00e1n Alberto Cepeda Gonz\u00e1lez destaca coordinaci\u00f3n con Ej\u00e9rcito Mexicano, Guardia Nacional y Mando Especial en materia de seguridad"},"content":{"rendered":"\n<p>Torre\u00f3n, Coahuila. A 07 de junio de 2024.<\/p>\n\n\n\n<p>La vig\u00e9sima segunda reuni\u00f3n semanal de seguridad, presidida por el alcalde Rom\u00e1n Alberto Cepeda Gonz\u00e1lez, cont\u00f3 con la presencia del General de Brigada Diplomado Estado Mayor, Jos\u00e9 Luis Sedano Ram\u00edrez, comandante de la Onceava Brigada de Polic\u00eda Militar y Coordinador Estatal de la Guardia Nacional y del General Brigadier Diplomado Estado Mayor, Pedro Alberto Hern\u00e1ndez Gallardo, comandante del Mando Especial de La Laguna, con quienes se han desarrollado acciones conjuntas para mantener el orden y la paz social en Torre\u00f3n.<\/p>\n\n\n\n<p>El Presidente Municipal agradeci\u00f3 la presencia de las autoridades invitadas en la reuni\u00f3n, pues dijo que el intercambio de informaci\u00f3n y la coordinaci\u00f3n con la Guardia Nacional, con el Mando Especial de La Laguna y el Ej\u00e9rcito Mexicano, han dado certeza y seguridad a la regi\u00f3n de la Comarca Lagunera y a Torre\u00f3n.<\/p>\n\n\n\n<p>\u201cDesde esta trinchera siempre vamos a colaborar para seguir construyendo la ciudad, el estado y el pa\u00eds que todos queremos, gracias por su apoyo, por su colaboraci\u00f3n y confianza\u201d, dijo Cepeda Gonz\u00e1lez.<\/p>\n\n\n\n<p>Agreg\u00f3 que desde el inicio de la actual Administraci\u00f3n Municipal, el trabajo en materia de seguridad se ha basado en la cooperaci\u00f3n con todas las dependencias y corporaciones que mantienen trabajo con la ciudadan\u00eda, en materia de prevenci\u00f3n, atenci\u00f3n y reacci\u00f3n.<\/p>\n\n\n\n<p>Por lo anterior, el edil exhort\u00f3 a los presentes a continuar trabajando en el mismo sentido de colaboraci\u00f3n en beneficio de los torreonenses.<\/p>\n\n\n\n<p>Cepeda Gonz\u00e1lez tambi\u00e9n agradeci\u00f3 el trabajo de las dependencias y corporaciones de los tres \u00f3rdenes de Gobierno, por la tranquilidad que se vivi\u00f3 en Torre\u00f3n durante la pasada jornada electoral.<\/p>\n\n\n\n<p>Referente al \u00edndice general de incidencia delictiva, correspondiente al periodo del 28 de mayo al 04 de junio de 2024, el comisario C\u00e9sar Antonio Perales Esparza, director de la Polic\u00eda de Torre\u00f3n, inform\u00f3 que el robo de accesorio de veh\u00edculo no present\u00f3 eventos; el robo a local comercial con violencia disminuy\u00f3 a la mitad, con cuatro eventos; y se presentaron tres robos con violencia a persona.<\/p>\n\n\n\n<p>La Polic\u00eda de Torre\u00f3n efectu\u00f3 91 detenciones que fueron consignadas al Ministerio P\u00fablico y 81 al Juez Calificador.<\/p>\n\n\n\n<p>El Grupo de Reacci\u00f3n Torre\u00f3n, realiz\u00f3 cinco detenciones relacionadas con la posesi\u00f3n de narc\u00f3ticos.<\/p>\n\n\n\n<p>Luis Alberto Morales Cort\u00e9s, director de Vialidad y Movilidad Urbana, dijo que se mantiene la capacitaci\u00f3n en empresas de la ciudad, con el objetivo de prevenir accidentes relacionados con el consumo de alcohol.<\/p>\n\n\n\n<p>Indic\u00f3 que en lo que va del a\u00f1o se ha trabajado con siete empresas, que suman un total de 400 operadores capacitados.<\/p>\n","protected":false},"excerpt":{"rendered":"<p>Torre\u00f3n, Coahuila. A 07 de junio de 2024. La vig\u00e9sima segunda reuni\u00f3n semanal de seguridad, presidida por el alcalde Rom\u00e1n Alberto Cepeda Gonz\u00e1lez, cont\u00f3 con la presencia del General de Brigada Diplomado Estado Mayor, Jos\u00e9 Luis Sedano Ram\u00edrez, comandante de la Onceava Brigada de Polic\u00eda Militar y Coordinador Estatal de la Guardia Nacional y del [&hellip;]<\/p>\n","protected":false},"author":1,"featured_media":6042,"comment_status":"open","ping_status":"open","sticky":false,"template":"","format":"standard","meta":{"_monsterinsights_skip_tracking":false,"_monsterinsights_sitenote_active":false,"_monsterinsights_sitenote_note":"","_monsterinsights_sitenote_category":0,"footnotes":""},"categories":[1],"tags":[],"_links":{"self":[{"href":"https:\/\/zonalimitrofe-cbnr.com\/index.php\/wp-json\/wp\/v2\/posts\/6041"}],"collection":[{"href":"https:\/\/zonalimitrofe-cbnr.com\/index.php\/wp-json\/wp\/v2\/posts"}],"about":[{"href":"https:\/\/zonalimitrofe-cbnr.com\/index.php\/wp-json\/wp\/v2\/types\/post"}],"author":[{"embeddable":true,"href":"https:\/\/zonalimitrofe-cbnr.com\/index.php\/wp-json\/wp\/v2\/users\/1"}],"replies":[{"embeddable":true,"href":"https:\/\/zonalimitrofe-cbnr.com\/index.php\/wp-json\/wp\/v2\/comments?post=6041"}],"version-history":[{"count":1,"href":"https:\/\/zonalimitrofe-cbnr.com\/index.php\/wp-json\/wp\/v2\/posts\/6041\/revisions"}],"predecessor-version":[{"id":6043,"href":"https:\/\/zonalimitrofe-cbnr.com\/index.php\/wp-json\/wp\/v2\/posts\/6041\/revisions\/6043"}],"wp:featuredmedia":[{"embeddable":true,"href":"https:\/\/zonalimitrofe-cbnr.com\/index.php\/wp-json\/wp\/v2\/media\/6042"}],"wp:attachment":[{"href":"https:\/\/zonalimitrofe-cbnr.com\/index.php\/wp-json\/wp\/v2\/media?parent=6041"}],"wp:term":[{"taxonomy":"category","embeddable":true,"href":"https:\/\/zonalimitrofe-cbnr.com\/index.php\/wp-json\/wp\/v2\/categories?post=6041"},{"taxonomy":"post_tag","embeddable":true,"href":"https:\/\/zonalimitrofe-cbnr.com\/index.php\/wp-json\/wp\/v2\/tags?post=6041"}],"curies":[{"name":"wp","href":"https:\/\/api.w.org\/{rel}","templated":true}]}}