{"id":6035,"date":"2024-06-07T16:19:40","date_gmt":"2024-06-07T22:19:40","guid":{"rendered":"https:\/\/zonalimitrofe-cbnr.com\/?p=6035"},"modified":"2024-06-07T16:19:40","modified_gmt":"2024-06-07T22:19:40","slug":"lerdo-conmemoran-el-dia-de-la-libertad-de-expresion","status":"publish","type":"post","link":"https:\/\/zonalimitrofe-cbnr.com\/index.php\/2024\/06\/07\/lerdo-conmemoran-el-dia-de-la-libertad-de-expresion\/","title":{"rendered":"#Lerdo. CONMEMORAN EL D\u00cdA DE LA LIBERTAD DE EXPRESI\u00d3N"},"content":{"rendered":"\n<p>Lerdo, 07 de junio 2024.\u2013 Frente al busto de Francisco Zarco, ubicado en la plaza principal de Lerdo, se llev\u00f3 a cabo la conmemoraci\u00f3n del D\u00eda de la Libertad de Expresi\u00f3n este jueves 7 de junio. La figura de Francisco Zarco, periodista y pol\u00edtico mexicano del siglo XIX, se erige como un s\u00edmbolo de lucha por la libertad de prensa en el pa\u00eds.<\/p>\n\n\n\n<p>Durante la ceremonia, se rindi\u00f3 homenaje a este derecho fundamental con la presencia de destacadas personalidades del gobierno local. Entre los asistentes que realizaron la Guardia de Honor se encontraban el secretario del Ayuntamiento, Eduardo Lara Urby; el Secretario T\u00e9cnico, Ram\u00f3n Acosta; el Contralor Municipal, Alonzo Villalobos; el Director de Comunicaci\u00f3n Social, Dagoberto Hern\u00e1ndez; el titular de Desarrollo Rural, Lorenzo Ponce; y regidoras del Ayuntamiento.<\/p>\n\n\n\n<p>Francisco Zarco, nacido en 1829, fue uno de los ide\u00f3logos liberales m\u00e1s influyentes durante la \u00e9poca de la Reforma. Destac\u00f3 por su incansable labor period\u00edstica, siendo fundador y colaborador de varios peri\u00f3dicos de gran renombre en la historia de M\u00e9xico, como El Siglo XIX y El Monitor Republicano. Su compromiso con la libertad de expresi\u00f3n y la defensa de los derechos civiles lo convierten en una figura emblem\u00e1tica para el periodismo mexicano.<\/p>\n\n\n\n<p>La celebraci\u00f3n del D\u00eda de la Libertad de Expresi\u00f3n, tiene como objetivo recordar y valorar la importancia de este derecho fundamental en una sociedad democr\u00e1tica. Es un momento para reflexionar sobre los desaf\u00edos que enfrentan los periodistas y los medios de comunicaci\u00f3n en su b\u00fasqueda por informar verazmente y sin censura.<\/p>\n\n\n\n<p>El presidente del Municipio de Lerdo, Homero Mart\u00ednez Cabrera, a trav\u00e9s de la Direcci\u00f3n de Educaci\u00f3n, extendi\u00f3 un especial reconocimiento a los medios de comunicaci\u00f3n por su invaluable labor informativa. Destac\u00f3 su compromiso con la verdad, la objetividad y la transparencia, elementos fundamentales para el fortalecimiento de la democracia y el desarrollo de la comunidad. Adem\u00e1s, resalt\u00f3 la importancia de su labor en la construcci\u00f3n de una sociedad informada y participativa.<\/p>\n\n\n\n<p>Los medios de comunicaci\u00f3n, con su profesionalismo y dedicaci\u00f3n, contribuyen de manera significativa al ejercicio pleno de la libertad de expresi\u00f3n, promoviendo el debate p\u00fablico, la rendici\u00f3n de cuentas y la diversidad de opiniones. En este d\u00eda, Lerdo reconoce y celebra el papel fundamental de los medios en la consolidaci\u00f3n de una sociedad m\u00e1s libre, justa y democr\u00e1tica.<\/p>\n","protected":false},"excerpt":{"rendered":"<p>Lerdo, 07 de junio 2024.\u2013 Frente al busto de Francisco Zarco, ubicado en la plaza principal de Lerdo, se llev\u00f3 a cabo la conmemoraci\u00f3n del D\u00eda de la Libertad de Expresi\u00f3n este jueves 7 de junio. La figura de Francisco Zarco, periodista y pol\u00edtico mexicano del siglo XIX, se erige como un s\u00edmbolo de lucha [&hellip;]<\/p>\n","protected":false},"author":1,"featured_media":6036,"comment_status":"open","ping_status":"open","sticky":false,"template":"","format":"standard","meta":{"_monsterinsights_skip_tracking":false,"_monsterinsights_sitenote_active":false,"_monsterinsights_sitenote_note":"","_monsterinsights_sitenote_category":0,"footnotes":""},"categories":[1],"tags":[],"_links":{"self":[{"href":"https:\/\/zonalimitrofe-cbnr.com\/index.php\/wp-json\/wp\/v2\/posts\/6035"}],"collection":[{"href":"https:\/\/zonalimitrofe-cbnr.com\/index.php\/wp-json\/wp\/v2\/posts"}],"about":[{"href":"https:\/\/zonalimitrofe-cbnr.com\/index.php\/wp-json\/wp\/v2\/types\/post"}],"author":[{"embeddable":true,"href":"https:\/\/zonalimitrofe-cbnr.com\/index.php\/wp-json\/wp\/v2\/users\/1"}],"replies":[{"embeddable":true,"href":"https:\/\/zonalimitrofe-cbnr.com\/index.php\/wp-json\/wp\/v2\/comments?post=6035"}],"version-history":[{"count":1,"href":"https:\/\/zonalimitrofe-cbnr.com\/index.php\/wp-json\/wp\/v2\/posts\/6035\/revisions"}],"predecessor-version":[{"id":6037,"href":"https:\/\/zonalimitrofe-cbnr.com\/index.php\/wp-json\/wp\/v2\/posts\/6035\/revisions\/6037"}],"wp:featuredmedia":[{"embeddable":true,"href":"https:\/\/zonalimitrofe-cbnr.com\/index.php\/wp-json\/wp\/v2\/media\/6036"}],"wp:attachment":[{"href":"https:\/\/zonalimitrofe-cbnr.com\/index.php\/wp-json\/wp\/v2\/media?parent=6035"}],"wp:term":[{"taxonomy":"category","embeddable":true,"href":"https:\/\/zonalimitrofe-cbnr.com\/index.php\/wp-json\/wp\/v2\/categories?post=6035"},{"taxonomy":"post_tag","embeddable":true,"href":"https:\/\/zonalimitrofe-cbnr.com\/index.php\/wp-json\/wp\/v2\/tags?post=6035"}],"curies":[{"name":"wp","href":"https:\/\/api.w.org\/{rel}","templated":true}]}}