{"id":6013,"date":"2024-06-06T17:29:08","date_gmt":"2024-06-06T23:29:08","guid":{"rendered":"https:\/\/zonalimitrofe-cbnr.com\/?p=6013"},"modified":"2024-06-06T17:29:08","modified_gmt":"2024-06-06T23:29:08","slug":"lerdo-desarrollan-sesion-de-cabildo","status":"publish","type":"post","link":"https:\/\/zonalimitrofe-cbnr.com\/index.php\/2024\/06\/06\/lerdo-desarrollan-sesion-de-cabildo\/","title":{"rendered":"#Lerdo. DESARROLLAN SESI\u00d3N DE CABILDO"},"content":{"rendered":"\n<p>Lerdo, 06 de junio 2024.- Este jueves, la Sesi\u00f3n Ordinaria de Cabildo n\u00famero 82 se desarroll\u00f3 de manera habitual en el Sal\u00f3n Azul de la Presidencia Municipal de Lerdo, donde se dio lectura y aprobaci\u00f3n del orden del d\u00eda actual y del acta ordinaria de Cabildo n\u00famero 81.<\/p>\n\n\n\n<p>As\u00ed mismo, en el punto n\u00famero 6, el \u00d3rgano Colegiado vot\u00f3 a favor de la reincorporaci\u00f3n de la sexta regidora del Ayuntamiento de Lerdo, Ana Mar\u00eda Dur\u00f3n P\u00e9rez. Lo anterior en relaci\u00f3n al acuerdo 266\/2024, donde el H. Cabildo aprob\u00f3 su solicitud de licencia por tiempo indefinido sin goce de sueldo, el pasado mes de marzo.<\/p>\n\n\n\n<p>En Asuntos Generales, el presidente en funciones, primer regidor Juan Jos\u00e9 Carrillo Aldaba, escuch\u00f3 las intervenciones de los regidores y comparti\u00f3 que se las har\u00eda llegar al Alcalde de Lerdo, Homero Mart\u00ednez Cabrera.<\/p>\n\n\n\n<p>As\u00ed mismo, reconoci\u00f3 a la ciudadan\u00eda que acudi\u00f3 a ejercer su voto de manera libre y segura, el pasado domingo 02 de junio, \u201cno hubo ninguna contingencia en el tema de la contienda. Hubo participaci\u00f3n ciudadana: felicitar a toda la comunidad del municipio de Lerdo, pues vimos la participaci\u00f3n tanto del \u00e1rea rural como del \u00e1rea urbana\u201d, se\u00f1al\u00f3.<\/p>\n","protected":false},"excerpt":{"rendered":"<p>Lerdo, 06 de junio 2024.- Este jueves, la Sesi\u00f3n Ordinaria de Cabildo n\u00famero 82 se desarroll\u00f3 de manera habitual en el Sal\u00f3n Azul de la Presidencia Municipal de Lerdo, donde se dio lectura y aprobaci\u00f3n del orden del d\u00eda actual y del acta ordinaria de Cabildo n\u00famero 81. As\u00ed mismo, en el punto n\u00famero 6, [&hellip;]<\/p>\n","protected":false},"author":1,"featured_media":6014,"comment_status":"open","ping_status":"open","sticky":false,"template":"","format":"standard","meta":{"_monsterinsights_skip_tracking":false,"_monsterinsights_sitenote_active":false,"_monsterinsights_sitenote_note":"","_monsterinsights_sitenote_category":0,"footnotes":""},"categories":[1],"tags":[],"_links":{"self":[{"href":"https:\/\/zonalimitrofe-cbnr.com\/index.php\/wp-json\/wp\/v2\/posts\/6013"}],"collection":[{"href":"https:\/\/zonalimitrofe-cbnr.com\/index.php\/wp-json\/wp\/v2\/posts"}],"about":[{"href":"https:\/\/zonalimitrofe-cbnr.com\/index.php\/wp-json\/wp\/v2\/types\/post"}],"author":[{"embeddable":true,"href":"https:\/\/zonalimitrofe-cbnr.com\/index.php\/wp-json\/wp\/v2\/users\/1"}],"replies":[{"embeddable":true,"href":"https:\/\/zonalimitrofe-cbnr.com\/index.php\/wp-json\/wp\/v2\/comments?post=6013"}],"version-history":[{"count":1,"href":"https:\/\/zonalimitrofe-cbnr.com\/index.php\/wp-json\/wp\/v2\/posts\/6013\/revisions"}],"predecessor-version":[{"id":6015,"href":"https:\/\/zonalimitrofe-cbnr.com\/index.php\/wp-json\/wp\/v2\/posts\/6013\/revisions\/6015"}],"wp:featuredmedia":[{"embeddable":true,"href":"https:\/\/zonalimitrofe-cbnr.com\/index.php\/wp-json\/wp\/v2\/media\/6014"}],"wp:attachment":[{"href":"https:\/\/zonalimitrofe-cbnr.com\/index.php\/wp-json\/wp\/v2\/media?parent=6013"}],"wp:term":[{"taxonomy":"category","embeddable":true,"href":"https:\/\/zonalimitrofe-cbnr.com\/index.php\/wp-json\/wp\/v2\/categories?post=6013"},{"taxonomy":"post_tag","embeddable":true,"href":"https:\/\/zonalimitrofe-cbnr.com\/index.php\/wp-json\/wp\/v2\/tags?post=6013"}],"curies":[{"name":"wp","href":"https:\/\/api.w.org\/{rel}","templated":true}]}}