{"id":5969,"date":"2024-06-05T17:51:52","date_gmt":"2024-06-05T23:51:52","guid":{"rendered":"https:\/\/zonalimitrofe-cbnr.com\/?p=5969"},"modified":"2024-06-05T17:51:52","modified_gmt":"2024-06-05T23:51:52","slug":"uadec-se-unen-uadec-y-canacintra-para-colaborar-en-la-academia-la-ciencia-y-la-tecnologia","status":"publish","type":"post","link":"https:\/\/zonalimitrofe-cbnr.com\/index.php\/2024\/06\/05\/uadec-se-unen-uadec-y-canacintra-para-colaborar-en-la-academia-la-ciencia-y-la-tecnologia\/","title":{"rendered":"#UAdeC. Se Unen UAdeC y Canacintra para Colaborar en la Academia, la Ciencia y la Tecnolog\u00eda"},"content":{"rendered":"\n<p>ARTEAGA, Coahuila. 5 de junio de 2024. La Universidad Aut\u00f3noma de Coahuila firm\u00f3 convenios generales de colaboraci\u00f3n acad\u00e9mica, cient\u00edfica y tecnol\u00f3gica con la C\u00e1mara Nacional de la Industria de Transformaci\u00f3n (CANACINTRA) Coahuila Sureste, Torre\u00f3n, Monclova, Acu\u00f1a y Piedras Negras.<\/p>\n\n\n\n<p>El evento tuvo lugar en el Sal\u00f3n de Usos M\u00faltiples del Centro Cultural Universitario Campus Arteaga, los documentos fueron signados por el rector de la m\u00e1xima casa de estudios, Octavio Pimentel Mart\u00ednez, el presidente de Canacintra Coahuila Sureste, Eduardo Garza Mart\u00ednez y el presidente de Canacintra Torre\u00f3n, Alejandro Guti\u00e9rrez Guti\u00e9rrez,<\/p>\n\n\n\n<p>Como testigos estuvieron presentes, el vicepresidente Regi\u00f3n Centro Canacintra Nacional, Carlos Gonz\u00e1lez Silva, el vicepresidente de Canacintra Acu\u00f1a, Hafid G\u00f3mez Lara Mier, el secretario de la Delegaci\u00f3n Canacintra Monclova, Luis Antonio Silva y el secretario general de la UAdeC, V\u00edctor Manuel S\u00e1nchez Vald\u00e9s.<\/p>\n\n\n\n<p>Adem\u00e1s, los coordinadores de Unidad Saltillo, Torre\u00f3n y Norte, Eva Kerena Hern\u00e1ndez Mart\u00ednez, Sandra L\u00f3pez Chavarr\u00eda y Luis Carlos Talamantes Arredondo, respectivamente, as\u00ed como, directoras y directores de las diversas Escuelas y Facultades de la Universidad y miembros de Canacintra.<\/p>\n\n\n\n<p>En su mensaje, el rector Octavio Pimentel Mart\u00ednez, destac\u00f3 que se debe trabajar en acciones que convengan tanto a las empresas como a la comunidad, ello a trav\u00e9s del acompa\u00f1amiento de la UAdeC para el impulso de la educaci\u00f3n dual, ya que son los estudiantes quienes el d\u00eda de ma\u00f1ana estar\u00e1n en las empresas.<\/p>\n\n\n\n<p>Agreg\u00f3 que en la instituci\u00f3n los alumnos no solo cuentan con sus estudios profesionales, ya que tambi\u00e9n acceden a competencias laborales y que pr\u00f3ximamente se contar\u00e1 con carreras t\u00e9cnicas, \u201cContamos con gente preparada que puede ayudar a resolver problem\u00e1ticas, trabajemos en equipo para el desarrollo del pa\u00eds y de la sociedad\u201d.<\/p>\n\n\n\n<p>Por su parte, el presidente de Canacintra Coahuila Sureste, Eduardo Garza Mart\u00ednez, se\u00f1al\u00f3 que la UAdeC cuenta con un gran capital humano el cual debe estar actualizado con los conocimientos que necesitan las empresas, lo que est\u00e1 en constante cambio, ya que es un \u00e1mbito din\u00e1mico, por ello, enfatiz\u00f3 es que los planes de estudio deben de renovarse de acuerdo a lo que la industria demanda para evitar el rezago.<\/p>\n\n\n\n<p>Mientras que, el presidente de Canacintra Torre\u00f3n, Alejandro Guti\u00e9rrez Guti\u00e9rrez, dijo que Coahuila es un estado industrial que no puede visualizarse sin la educaci\u00f3n, por lo que es importante trabajar en conjunto en la actualizaci\u00f3n de la curr\u00edcula para que cuando egresen los j\u00f3venes cuenten con las habilidades que se requieren en la industria.<\/p>\n\n\n\n<p>Por otro lado, el vicepresidente Regi\u00f3n Centro Canacintra Nacional, Carlos Gonz\u00e1lez Silva, coment\u00f3 que la colaboraci\u00f3n con la Universidad Aut\u00f3noma de Coahuila ha sido de gran ayuda, ya que a trav\u00e9s de la vinculaci\u00f3n se obtienen beneficios para la industria y para los j\u00f3venes, e invit\u00f3 a continuar impulsando proyectos en conjunto.<\/p>\n","protected":false},"excerpt":{"rendered":"<p>ARTEAGA, Coahuila. 5 de junio de 2024. La Universidad Aut\u00f3noma de Coahuila firm\u00f3 convenios generales de colaboraci\u00f3n acad\u00e9mica, cient\u00edfica y tecnol\u00f3gica con la C\u00e1mara Nacional de la Industria de Transformaci\u00f3n (CANACINTRA) Coahuila Sureste, Torre\u00f3n, Monclova, Acu\u00f1a y Piedras Negras. El evento tuvo lugar en el Sal\u00f3n de Usos M\u00faltiples del Centro Cultural Universitario Campus Arteaga, [&hellip;]<\/p>\n","protected":false},"author":1,"featured_media":5970,"comment_status":"open","ping_status":"open","sticky":false,"template":"","format":"standard","meta":{"_monsterinsights_skip_tracking":false,"_monsterinsights_sitenote_active":false,"_monsterinsights_sitenote_note":"","_monsterinsights_sitenote_category":0,"footnotes":""},"categories":[1],"tags":[],"_links":{"self":[{"href":"https:\/\/zonalimitrofe-cbnr.com\/index.php\/wp-json\/wp\/v2\/posts\/5969"}],"collection":[{"href":"https:\/\/zonalimitrofe-cbnr.com\/index.php\/wp-json\/wp\/v2\/posts"}],"about":[{"href":"https:\/\/zonalimitrofe-cbnr.com\/index.php\/wp-json\/wp\/v2\/types\/post"}],"author":[{"embeddable":true,"href":"https:\/\/zonalimitrofe-cbnr.com\/index.php\/wp-json\/wp\/v2\/users\/1"}],"replies":[{"embeddable":true,"href":"https:\/\/zonalimitrofe-cbnr.com\/index.php\/wp-json\/wp\/v2\/comments?post=5969"}],"version-history":[{"count":1,"href":"https:\/\/zonalimitrofe-cbnr.com\/index.php\/wp-json\/wp\/v2\/posts\/5969\/revisions"}],"predecessor-version":[{"id":5971,"href":"https:\/\/zonalimitrofe-cbnr.com\/index.php\/wp-json\/wp\/v2\/posts\/5969\/revisions\/5971"}],"wp:featuredmedia":[{"embeddable":true,"href":"https:\/\/zonalimitrofe-cbnr.com\/index.php\/wp-json\/wp\/v2\/media\/5970"}],"wp:attachment":[{"href":"https:\/\/zonalimitrofe-cbnr.com\/index.php\/wp-json\/wp\/v2\/media?parent=5969"}],"wp:term":[{"taxonomy":"category","embeddable":true,"href":"https:\/\/zonalimitrofe-cbnr.com\/index.php\/wp-json\/wp\/v2\/categories?post=5969"},{"taxonomy":"post_tag","embeddable":true,"href":"https:\/\/zonalimitrofe-cbnr.com\/index.php\/wp-json\/wp\/v2\/tags?post=5969"}],"curies":[{"name":"wp","href":"https:\/\/api.w.org\/{rel}","templated":true}]}}