{"id":5955,"date":"2024-06-05T17:28:39","date_gmt":"2024-06-05T23:28:39","guid":{"rendered":"https:\/\/zonalimitrofe-cbnr.com\/?p=5955"},"modified":"2024-06-05T17:28:39","modified_gmt":"2024-06-05T23:28:39","slug":"lerdo-imparten-platica-de-sensibilizacion-en-el-dia-del-medio-ambiente","status":"publish","type":"post","link":"https:\/\/zonalimitrofe-cbnr.com\/index.php\/2024\/06\/05\/lerdo-imparten-platica-de-sensibilizacion-en-el-dia-del-medio-ambiente\/","title":{"rendered":"#Lerdo. IMPARTEN PL\u00c1TICA DE SENSIBILIZACI\u00d3N EN EL D\u00cdA DEL MEDIO AMBIENTE*"},"content":{"rendered":"\n<p>Lerdo, 05 de junio de 2024.- El Departamento de Cultura del Agua del Sistema de Agua Potable y Alcantarillado de Lerdo (S.A.P.A.L.) llev\u00f3 a cabo una charla de sensibilizaci\u00f3n en la explanada de la Escuela Primaria Prudencia J\u00e1uregui, con motivo del D\u00eda Mundial del Medio Ambiente. La actividad cont\u00f3 con la participaci\u00f3n de alrededor de 150 ni\u00f1os, quienes se sumergieron en temas cruciales para la preservaci\u00f3n del entorno natural.<\/p>\n\n\n\n<p>Durante la pl\u00e1tica, se abord\u00f3 con detalle la trascendencia de los ecosistemas, destacando el papel fundamental de los \u00e1rboles en la regulaci\u00f3n del clima, la conservaci\u00f3n de la biodiversidad y la provisi\u00f3n de recursos naturales esenciales para la vida humana y animal.<\/p>\n\n\n\n<p>Adem\u00e1s, se record\u00f3 a los estudiantes que el segundo jueves de julio se celebra el D\u00eda del \u00c1rbol, fecha en la que se promueve la importancia de estos seres vivos en el equilibrio ecol\u00f3gico. Se subray\u00f3 el impacto positivo de los \u00e1rboles en la retenci\u00f3n del agua de lluvia, la mitigaci\u00f3n de la contaminaci\u00f3n y la creaci\u00f3n de entornos urbanos m\u00e1s frescos y saludables.<\/p>\n\n\n\n<p>Se destac\u00f3 que un solo \u00e1rbol puede absorber la contaminaci\u00f3n equivalente a la generada por 10 veh\u00edculos, resaltando as\u00ed su papel crucial en la lucha contra la contaminaci\u00f3n atmosf\u00e9rica.<\/p>\n\n\n\n<p>Por otro lado, se enfatiz\u00f3 la importancia del pago oportuno de los recibos de agua, explicando que el acceso al agua potable es un derecho fundamental, y que los usuarios contribuyen con el mantenimiento y la infraestructura necesaria para su distribuci\u00f3n y tratamiento.<\/p>\n\n\n\n<p>Guadalupe Badillo, titular del Departamento de Cultura del Agua, comparti\u00f3 la instrucci\u00f3n del Presidente Municipal Homero Mart\u00ednez Cabrera, es concientizar a los ni\u00f1os para cuidar el medio ambiente, con la meta de convertirlos en agentes de cambio y que promuevan la cultura ambiental entre sus familias y amigos.<\/p>\n\n\n\n<p>Con actividades como esta, S.A.P.A.L. reafirma su compromiso con la educaci\u00f3n ambiental y la preservaci\u00f3n de los recursos naturales en Lerdo, impulsando una ciudadan\u00eda consciente y responsable con el entorno que habita.<\/p>\n","protected":false},"excerpt":{"rendered":"<p>Lerdo, 05 de junio de 2024.- El Departamento de Cultura del Agua del Sistema de Agua Potable y Alcantarillado de Lerdo (S.A.P.A.L.) llev\u00f3 a cabo una charla de sensibilizaci\u00f3n en la explanada de la Escuela Primaria Prudencia J\u00e1uregui, con motivo del D\u00eda Mundial del Medio Ambiente. La actividad cont\u00f3 con la participaci\u00f3n de alrededor de [&hellip;]<\/p>\n","protected":false},"author":1,"featured_media":5956,"comment_status":"open","ping_status":"open","sticky":false,"template":"","format":"standard","meta":{"_monsterinsights_skip_tracking":false,"_monsterinsights_sitenote_active":false,"_monsterinsights_sitenote_note":"","_monsterinsights_sitenote_category":0,"footnotes":""},"categories":[1],"tags":[],"_links":{"self":[{"href":"https:\/\/zonalimitrofe-cbnr.com\/index.php\/wp-json\/wp\/v2\/posts\/5955"}],"collection":[{"href":"https:\/\/zonalimitrofe-cbnr.com\/index.php\/wp-json\/wp\/v2\/posts"}],"about":[{"href":"https:\/\/zonalimitrofe-cbnr.com\/index.php\/wp-json\/wp\/v2\/types\/post"}],"author":[{"embeddable":true,"href":"https:\/\/zonalimitrofe-cbnr.com\/index.php\/wp-json\/wp\/v2\/users\/1"}],"replies":[{"embeddable":true,"href":"https:\/\/zonalimitrofe-cbnr.com\/index.php\/wp-json\/wp\/v2\/comments?post=5955"}],"version-history":[{"count":1,"href":"https:\/\/zonalimitrofe-cbnr.com\/index.php\/wp-json\/wp\/v2\/posts\/5955\/revisions"}],"predecessor-version":[{"id":5957,"href":"https:\/\/zonalimitrofe-cbnr.com\/index.php\/wp-json\/wp\/v2\/posts\/5955\/revisions\/5957"}],"wp:featuredmedia":[{"embeddable":true,"href":"https:\/\/zonalimitrofe-cbnr.com\/index.php\/wp-json\/wp\/v2\/media\/5956"}],"wp:attachment":[{"href":"https:\/\/zonalimitrofe-cbnr.com\/index.php\/wp-json\/wp\/v2\/media?parent=5955"}],"wp:term":[{"taxonomy":"category","embeddable":true,"href":"https:\/\/zonalimitrofe-cbnr.com\/index.php\/wp-json\/wp\/v2\/categories?post=5955"},{"taxonomy":"post_tag","embeddable":true,"href":"https:\/\/zonalimitrofe-cbnr.com\/index.php\/wp-json\/wp\/v2\/tags?post=5955"}],"curies":[{"name":"wp","href":"https:\/\/api.w.org\/{rel}","templated":true}]}}