{"id":595,"date":"2024-01-16T00:12:19","date_gmt":"2024-01-16T00:12:19","guid":{"rendered":"https:\/\/zonalimitrofe-cbnr.com\/?p=595"},"modified":"2024-01-16T00:12:19","modified_gmt":"2024-01-16T00:12:19","slug":"uadec-consejo-universitario-se-constituye-como-colegio-electoral-para-la-eleccion-a-rector-periodo-2024-2027","status":"publish","type":"post","link":"https:\/\/zonalimitrofe-cbnr.com\/index.php\/2024\/01\/16\/uadec-consejo-universitario-se-constituye-como-colegio-electoral-para-la-eleccion-a-rector-periodo-2024-2027\/","title":{"rendered":"#UAdeC. Consejo Universitario  se Constituye como Colegio Electoral para la Elecci\u00f3n a Rector Periodo 2024-2027"},"content":{"rendered":"\n<p>ARTEAGA, Coahuila. 15 de enero de 2024. Durante la Sesi\u00f3n Extraordinaria del H. Consejo Universitario de la Universidad Aut\u00f3noma de Coahuila, el m\u00e1ximo \u00f3rgano universitario se constituy\u00f3 como Colegio Electoral para el proceso de la elecci\u00f3n a Rector para el periodo 2024-2027 e integr\u00f3 la Comisi\u00f3n Electoral con consejeros alumnos, maestros titulares y suplentes de las Unidades Saltillo, Torre\u00f3n y Norte.<\/p>\n\n\n\n<p>La sesi\u00f3n fue presidida por el rector Salvador Hern\u00e1ndez V\u00e9lez y el secretario general, V\u00edctor Manuel S\u00e1nchez Vald\u00e9s, con un qu\u00f3rum legal de 262 consejeros universitarios, la planilla propuesta para integrar la Comisi\u00f3n Electoral fue aprobada por mayor\u00eda.<\/p>\n\n\n\n<p>De la Unidad Saltillo la integran: docente titular, Josu\u00e9 Rodr\u00edguez Delgado de la Facultad de Ingenier\u00eda, docente suplente, X\u00f3chitl Segura Lozano de la Facultad de Ciencias de la Administraci\u00f3n, alumno titular, Regina Guti\u00e9rrez Velazco de la Facultad de Artes Pl\u00e1sticas y alumno suplente, Gabriel Santiago Campos de la Facultad de Psicolog\u00eda.<\/p>\n\n\n\n<p>Por otro lado, de la Unidad Torre\u00f3n, como docente titular, V\u00edctor Pedro Rodr\u00edguez de la Facultad de Administraci\u00f3n Fiscal y Financiera y docente suplente, Alma Rosa Quiroz de la Facultad de Enfermer\u00eda, alumno titular, Edgar G\u00f3mez Alonso de la Facultad de Contadur\u00eda y Administraci\u00f3n y alumno suplente, Renata Aceves Saracho de la Facultad de Derecho.<\/p>\n\n\n\n<p>Mientras que, de la Unidad Norte, docente titular, Juan Jaime Mart\u00ednez de la Escuela de Bachilleres Luis Donaldo Colosio y docente suplente, Alexandra Acosta L\u00f3pez de la Escuela de Bachilleres Ladislao Far\u00edas Campos, alumno titular, Monserrat Andrade Dur\u00e1n de la Facultad de Contadur\u00eda y Administraci\u00f3n de Monclova y alumno suplente, Eduardo Vergara Mart\u00ednez de la Escuela de Ciencias de la Salud.<\/p>\n\n\n\n<p>De acuerdo al art\u00edculo 58 del Estatuto Universitario, la elecci\u00f3n del Rector se har\u00e1 mediante el siguiente mecanismo: Treinta d\u00edas antes de que la persona titular de la Rector\u00eda en ejercicio concluya su gesti\u00f3n o inmediatamente despu\u00e9s de que se produzca su ausencia definitiva, se convocar\u00e1 al Consejo Universitario para que a su vez convoque a la elecci\u00f3n de una nueva persona titular de la Rector\u00eda, abriendo un registro de candidatas y candidatos que durar\u00e1 siete d\u00edas h\u00e1biles, en los cuales las personas candidatas podr\u00e1n iniciar campa\u00f1a, la cual deber\u00e1 concluir en un tiempo m\u00e1ximo de catorce d\u00edas h\u00e1biles a partir del primer d\u00eda de registro.<\/p>\n\n\n\n<p>Las personas candidatas se inscribir\u00e1n por s\u00ed solas, en un ambiente de absoluto orden universitario, ante la Comisi\u00f3n Electoral, acompa\u00f1ando a la solicitud del<\/p>\n\n\n\n<p>registro su curr\u00edculo vitae y su plan de trabajo, en el caso de que haya una sola candidatura, la Comisi\u00f3n Electoral convocar\u00e1 a un plebiscito a trav\u00e9s del cual se decidir\u00e1 si se nombra persona titular de la Rector\u00eda o se convoca a nuevas elecciones.<\/p>\n\n\n\n<p>En caso de nuevas elecciones, con la misma y \u00fanica candidatura, queda a juicio del Colegio Electoral si se realiza un nuevo plebiscito o si se nombra titular de la Rector\u00eda a la \u00fanica persona que present\u00f3 su candidatura, la Comisi\u00f3n Electoral difundir\u00e1 ampliamente entre la comunidad universitaria, los curr\u00edculos de las candidaturas.<\/p>\n\n\n\n<p>La elecci\u00f3n de la persona titular de la Rector\u00eda se har\u00e1 por votaci\u00f3n universal y secreta, sin ponderaci\u00f3n alguna de docentes y estudiantes de la Universidad, la cual se realizar\u00e1 un d\u00eda despu\u00e9s de concluir el periodo de campa\u00f1as; la votaci\u00f3n en las escuelas, facultades, centros e institutos de la Universidad se efectuar\u00e1n en un mismo d\u00eda y a una misma hora, seg\u00fan lo determine la Comisi\u00f3n Electoral, que fijar\u00e1 un horario para las instituciones diurnas y otro para las nocturnas.<\/p>\n\n\n\n<p>La votaci\u00f3n en cada Escuela, Facultad o Instituto ser\u00e1 presidida por el Consejo Directivo de la instituci\u00f3n, el cual levantar\u00e1 acta del desarrollo de los trabajos al final de la votaci\u00f3n, cada candidatura podr\u00e1 acreditar a una persona y una persona suplente para que la represente en los actos electorales correspondientes, obtenidas las votaciones y hechos los recuentos se enviar\u00e1n de inmediato a la Comisi\u00f3n Electoral.<\/p>\n\n\n\n<p>Ser\u00e1 persona titular de la Rector\u00eda electa la candidatura que obtenga la mitad m\u00e1s un voto del total de los emitidos, sin contar los sufragios anulados; en caso de que ninguna candidatura obtenga la cantidad mencionada de sufragios, se realizar\u00e1 una segunda votaci\u00f3n, dentro de los dos d\u00edas h\u00e1biles siguientes despu\u00e9s de conocer el primer resultado.<\/p>\n\n\n\n<p>En esta segunda votaci\u00f3n, s\u00f3lo participar\u00e1n las dos candidaturas que mayor n\u00famero de votos hayan obtenido en la primera votaci\u00f3n, quien obtenga simple mayor\u00eda en la segunda votaci\u00f3n ser\u00e1 nombrada la persona titular de la Rector\u00eda; en caso de empate en la segunda votaci\u00f3n, se proceder\u00e1 a una tercera votaci\u00f3n, con las mismas candidaturas que participaron en la segunda votaci\u00f3n.<\/p>\n\n\n\n<p>La persona titular de la Rector\u00eda saliente, o quien funja como tal, convocar\u00e1 al Consejo Universitario a una sesi\u00f3n extraordinaria que se celebrar\u00e1 m\u00e1ximo quince d\u00edas despu\u00e9s de realizadas las elecciones, en esa reuni\u00f3n se dar\u00e1 a conocer el c\u00f3mputo final y se declarar\u00e1 la persona titular de la Rector\u00eda de la Universidad Aut\u00f3noma de Coahuila a quien haya obtenido la mayor\u00eda de votos.<\/p>\n\n\n\n<p>Conocido el resultado de la elecci\u00f3n, la persona titular de la Rector\u00eda saliente, o quien funja como tal, har\u00e1 la declaratoria respectiva y tomar\u00e1 la formal protesta a la persona electa, quien comenzar\u00e1 su ejercicio de inmediato.<\/p>\n","protected":false},"excerpt":{"rendered":"<p>ARTEAGA, Coahuila. 15 de enero de 2024. Durante la Sesi\u00f3n Extraordinaria del H. Consejo Universitario de la Universidad Aut\u00f3noma de Coahuila, el m\u00e1ximo \u00f3rgano universitario se constituy\u00f3 como Colegio Electoral para el proceso de la elecci\u00f3n a Rector para el periodo 2024-2027 e integr\u00f3 la Comisi\u00f3n Electoral con consejeros alumnos, maestros titulares y suplentes de [&hellip;]<\/p>\n","protected":false},"author":1,"featured_media":596,"comment_status":"open","ping_status":"open","sticky":false,"template":"","format":"standard","meta":{"_monsterinsights_skip_tracking":false,"_monsterinsights_sitenote_active":false,"_monsterinsights_sitenote_note":"","_monsterinsights_sitenote_category":0,"footnotes":""},"categories":[1],"tags":[],"_links":{"self":[{"href":"https:\/\/zonalimitrofe-cbnr.com\/index.php\/wp-json\/wp\/v2\/posts\/595"}],"collection":[{"href":"https:\/\/zonalimitrofe-cbnr.com\/index.php\/wp-json\/wp\/v2\/posts"}],"about":[{"href":"https:\/\/zonalimitrofe-cbnr.com\/index.php\/wp-json\/wp\/v2\/types\/post"}],"author":[{"embeddable":true,"href":"https:\/\/zonalimitrofe-cbnr.com\/index.php\/wp-json\/wp\/v2\/users\/1"}],"replies":[{"embeddable":true,"href":"https:\/\/zonalimitrofe-cbnr.com\/index.php\/wp-json\/wp\/v2\/comments?post=595"}],"version-history":[{"count":1,"href":"https:\/\/zonalimitrofe-cbnr.com\/index.php\/wp-json\/wp\/v2\/posts\/595\/revisions"}],"predecessor-version":[{"id":597,"href":"https:\/\/zonalimitrofe-cbnr.com\/index.php\/wp-json\/wp\/v2\/posts\/595\/revisions\/597"}],"wp:featuredmedia":[{"embeddable":true,"href":"https:\/\/zonalimitrofe-cbnr.com\/index.php\/wp-json\/wp\/v2\/media\/596"}],"wp:attachment":[{"href":"https:\/\/zonalimitrofe-cbnr.com\/index.php\/wp-json\/wp\/v2\/media?parent=595"}],"wp:term":[{"taxonomy":"category","embeddable":true,"href":"https:\/\/zonalimitrofe-cbnr.com\/index.php\/wp-json\/wp\/v2\/categories?post=595"},{"taxonomy":"post_tag","embeddable":true,"href":"https:\/\/zonalimitrofe-cbnr.com\/index.php\/wp-json\/wp\/v2\/tags?post=595"}],"curies":[{"name":"wp","href":"https:\/\/api.w.org\/{rel}","templated":true}]}}