{"id":5830,"date":"2024-06-01T16:24:37","date_gmt":"2024-06-01T22:24:37","guid":{"rendered":"https:\/\/zonalimitrofe-cbnr.com\/?p=5830"},"modified":"2024-06-01T16:24:37","modified_gmt":"2024-06-01T22:24:37","slug":"lerdo-platica-de-concientizacion","status":"publish","type":"post","link":"https:\/\/zonalimitrofe-cbnr.com\/index.php\/2024\/06\/01\/lerdo-platica-de-concientizacion\/","title":{"rendered":"#Lerdo. PL\u00c1TICA DE CONCIENTIZACI\u00d3N*"},"content":{"rendered":"\n<p>Durante esta semana, el Departamento de Cultura del Agua (de S.A.P.A.L.) recibi\u00f3 a los estudiantes del Centro de Estudios Tecnol\u00f3gicos en Aguas Continentales 08 (CETAC 08) al interior del Vivero Forestal de Lerdo, mejor conocido como el Parque Las Auras, para impartirles una pl\u00e1tica de concienciaci\u00f3n sobre el uso responsable del recurso h\u00eddrico en Durango.<\/p>\n\n\n\n<p>La jornada estuvo marcada por la reflexi\u00f3n sobre la disponibilidad del agua, destacando la importancia de implementar cambios significativos en nuestras rutinas diarias para evitar alcanzar un d\u00eda cr\u00edtico en el suministro h\u00eddrico. Con el lema \u201cprevenir es mejor que lamentar\u201d, se record\u00f3 a los j\u00f3venes la posibilidad real de enfrentar el llamado D\u00eda Cero, si no se adoptan medidas urgentes eficaces.<\/p>\n\n\n\n<p>El contexto de estr\u00e9s h\u00eddrico que atraviesa Durango, agravado por sequ\u00edas extremas y el impacto del cambio clim\u00e1tico, a\u00f1ade un sentido de urgencia a esta iniciativa.<\/p>\n\n\n\n<p>Tambi\u00e9n se explic\u00f3 la situaci\u00f3n que algunas ciudades han enfrentado hace algunos meses, ante la escasez total de agua, un recordatorio contundente de las consecuencias de la falta de acci\u00f3n.<\/p>\n\n\n\n<p>En este sentido, los estudiantes fueron animados a ser agentes de cambio, contribuyendo con acciones concretas que fomenten el ahorro y un uso m\u00e1s eficiente del agua. Con la esperanza de sembrar conciencia y h\u00e1bitos responsables, el Departamento de Cultura del Agua contin\u00faa trabajando en diversas iniciativas, para sensibilizar la importancia de este vital l\u00edquido.<\/p>\n","protected":false},"excerpt":{"rendered":"<p>Durante esta semana, el Departamento de Cultura del Agua (de S.A.P.A.L.) recibi\u00f3 a los estudiantes del Centro de Estudios Tecnol\u00f3gicos en Aguas Continentales 08 (CETAC 08) al interior del Vivero Forestal de Lerdo, mejor conocido como el Parque Las Auras, para impartirles una pl\u00e1tica de concienciaci\u00f3n sobre el uso responsable del recurso h\u00eddrico en Durango. [&hellip;]<\/p>\n","protected":false},"author":1,"featured_media":5831,"comment_status":"open","ping_status":"open","sticky":false,"template":"","format":"standard","meta":{"_monsterinsights_skip_tracking":false,"_monsterinsights_sitenote_active":false,"_monsterinsights_sitenote_note":"","_monsterinsights_sitenote_category":0,"footnotes":""},"categories":[1],"tags":[],"_links":{"self":[{"href":"https:\/\/zonalimitrofe-cbnr.com\/index.php\/wp-json\/wp\/v2\/posts\/5830"}],"collection":[{"href":"https:\/\/zonalimitrofe-cbnr.com\/index.php\/wp-json\/wp\/v2\/posts"}],"about":[{"href":"https:\/\/zonalimitrofe-cbnr.com\/index.php\/wp-json\/wp\/v2\/types\/post"}],"author":[{"embeddable":true,"href":"https:\/\/zonalimitrofe-cbnr.com\/index.php\/wp-json\/wp\/v2\/users\/1"}],"replies":[{"embeddable":true,"href":"https:\/\/zonalimitrofe-cbnr.com\/index.php\/wp-json\/wp\/v2\/comments?post=5830"}],"version-history":[{"count":1,"href":"https:\/\/zonalimitrofe-cbnr.com\/index.php\/wp-json\/wp\/v2\/posts\/5830\/revisions"}],"predecessor-version":[{"id":5832,"href":"https:\/\/zonalimitrofe-cbnr.com\/index.php\/wp-json\/wp\/v2\/posts\/5830\/revisions\/5832"}],"wp:featuredmedia":[{"embeddable":true,"href":"https:\/\/zonalimitrofe-cbnr.com\/index.php\/wp-json\/wp\/v2\/media\/5831"}],"wp:attachment":[{"href":"https:\/\/zonalimitrofe-cbnr.com\/index.php\/wp-json\/wp\/v2\/media?parent=5830"}],"wp:term":[{"taxonomy":"category","embeddable":true,"href":"https:\/\/zonalimitrofe-cbnr.com\/index.php\/wp-json\/wp\/v2\/categories?post=5830"},{"taxonomy":"post_tag","embeddable":true,"href":"https:\/\/zonalimitrofe-cbnr.com\/index.php\/wp-json\/wp\/v2\/tags?post=5830"}],"curies":[{"name":"wp","href":"https:\/\/api.w.org\/{rel}","templated":true}]}}