{"id":5797,"date":"2024-05-30T19:17:13","date_gmt":"2024-05-31T01:17:13","guid":{"rendered":"https:\/\/zonalimitrofe-cbnr.com\/?p=5797"},"modified":"2024-05-30T19:17:13","modified_gmt":"2024-05-31T01:17:13","slug":"uadec-cumple-rector-un-compromiso-mas-al-brindar-el-servicio-de-guarderia-en-la-unidad-torreon","status":"publish","type":"post","link":"https:\/\/zonalimitrofe-cbnr.com\/index.php\/2024\/05\/30\/uadec-cumple-rector-un-compromiso-mas-al-brindar-el-servicio-de-guarderia-en-la-unidad-torreon\/","title":{"rendered":"#UAdeC. Cumple Rector  un Compromiso m\u00e1s al Brindar el Servicio de Guarder\u00eda en la Unidad Torre\u00f3n"},"content":{"rendered":"\n<p>TORRE\u00d3N, Coahuila. 30 de mayo de 2024. La Universidad Aut\u00f3noma de Coahuila a trav\u00e9s de la Oficial\u00eda Mayor y la Estancia Infantil \u201cFeliz San Agust\u00edn\u201d, firmaron un convenio de colaboraci\u00f3n para ofrecer el servicio de guarder\u00eda a las y los trabajadores de la maxima casa de estudios de la Unidad Torre\u00f3n.<\/p>\n\n\n\n<p>En la ceremonia celebrada en la Sala de Telecomunicaciones de la Coordinaci\u00f3n Unidad Torre\u00f3n, signaron el convenio, por parte de la Universidad Aut\u00f3noma de Coahuila, el rector Octavio Pimentel Mart\u00ednez, el oficial mayor, Josu\u00e9 El\u00ed Garza Carrales, la coordinadora de la UT, Sandra L\u00f3pez Chavarr\u00eda, y por parte de la Estancia Infantil \u201cFeliz San Agust\u00edn\u201d, la representante legal, M\u00f3nica Araceli Garc\u00eda Blanca y la directora de la guarder\u00eda, Perla del Carmen Chac\u00f3n Llanas.<\/p>\n\n\n\n<p>Para el rector de la m\u00e1xima casa de estudios, Octavio Pimentel Mart\u00ednez, la firma de este convenio representa el cumplimiento de una promesa hecha en campa\u00f1a, y que adem\u00e1s obedece a una petici\u00f3n realizada por la comunidad universitaria de la Unidad Torre\u00f3n, el poder contar con el servicio de guarder\u00eda.<\/p>\n\n\n\n<p>Pimentel Mart\u00ednez, a\u00f1adi\u00f3 que es importante brindar este apoyo, porque dijo: \u201cSi una persona est\u00e1 bien en su casa y tiene su familia bien, seguramente su trabajo tambi\u00e9n estar\u00e1 haci\u00e9ndolo de la mejor manera y lo menos que podemos hacer nosotros es apoyar a las familias universitarias, a las mam\u00e1s universitarias, apoyar a quienes dejan por un tiempo a su familia y lo invierten en la Universidad Aut\u00f3noma de Coahuila\u201d.<\/p>\n\n\n\n<p>Por su parte, el oficial mayor Josu\u00e9 El\u00ed Garza Carrales, se\u00f1al\u00f3 que este convenio que surge de una necesidad que le plantearon al rector Octavio Pimentel durante su campa\u00f1a y que ahora \u00e9l lo hizo realidad, para coadyuvar en la tranquilidad de quienes pertenecen a la UAdeC.<\/p>\n\n\n\n<p>Agreg\u00f3 que, gracias a la firma de este convenio, en un inicio, la Estancia Infantil \u201cSan Agust\u00edn\u201d cuenta con 118 lugares disponibles que pueden ser ocupados por las y los hijos del personal de la UAdeC Unidad Torre\u00f3n, para ello, quienes deseen contar con este beneficio pueden acudir a la Coordinaci\u00f3n Unidad Torre\u00f3n para ser orientados sobre los requisitos y comenzar el tr\u00e1mite de inscripci\u00f3n.<\/p>\n\n\n\n<p>La directora de la estancia, Perla del Carmen Chac\u00f3n Llanas, agradeci\u00f3 la confianza brindada por la m\u00e1xima casa de estudios, al tomarles en cuenta para ofrecer un servicio de calidad, basado en cuidar y proteger la integridad de los infantes menores de cuatro a\u00f1os.<\/p>\n\n\n\n<p>Agreg\u00f3 que las guardar\u00edas actualmente tienen est\u00e1ndares muy altos en cuanto al nivel del cuidado, adem\u00e1s ofrecen la infraestructura, suministros, y personal con calidad humana, que, en conjunto, se traduce en una atenci\u00f3n integral para los beb\u00e9s y ni\u00f1os que sus padres dejan a su cuidado.<\/p>\n","protected":false},"excerpt":{"rendered":"<p>TORRE\u00d3N, Coahuila. 30 de mayo de 2024. La Universidad Aut\u00f3noma de Coahuila a trav\u00e9s de la Oficial\u00eda Mayor y la Estancia Infantil \u201cFeliz San Agust\u00edn\u201d, firmaron un convenio de colaboraci\u00f3n para ofrecer el servicio de guarder\u00eda a las y los trabajadores de la maxima casa de estudios de la Unidad Torre\u00f3n. En la ceremonia celebrada [&hellip;]<\/p>\n","protected":false},"author":1,"featured_media":5798,"comment_status":"open","ping_status":"open","sticky":false,"template":"","format":"standard","meta":{"_monsterinsights_skip_tracking":false,"_monsterinsights_sitenote_active":false,"_monsterinsights_sitenote_note":"","_monsterinsights_sitenote_category":0,"footnotes":""},"categories":[1],"tags":[],"_links":{"self":[{"href":"https:\/\/zonalimitrofe-cbnr.com\/index.php\/wp-json\/wp\/v2\/posts\/5797"}],"collection":[{"href":"https:\/\/zonalimitrofe-cbnr.com\/index.php\/wp-json\/wp\/v2\/posts"}],"about":[{"href":"https:\/\/zonalimitrofe-cbnr.com\/index.php\/wp-json\/wp\/v2\/types\/post"}],"author":[{"embeddable":true,"href":"https:\/\/zonalimitrofe-cbnr.com\/index.php\/wp-json\/wp\/v2\/users\/1"}],"replies":[{"embeddable":true,"href":"https:\/\/zonalimitrofe-cbnr.com\/index.php\/wp-json\/wp\/v2\/comments?post=5797"}],"version-history":[{"count":1,"href":"https:\/\/zonalimitrofe-cbnr.com\/index.php\/wp-json\/wp\/v2\/posts\/5797\/revisions"}],"predecessor-version":[{"id":5799,"href":"https:\/\/zonalimitrofe-cbnr.com\/index.php\/wp-json\/wp\/v2\/posts\/5797\/revisions\/5799"}],"wp:featuredmedia":[{"embeddable":true,"href":"https:\/\/zonalimitrofe-cbnr.com\/index.php\/wp-json\/wp\/v2\/media\/5798"}],"wp:attachment":[{"href":"https:\/\/zonalimitrofe-cbnr.com\/index.php\/wp-json\/wp\/v2\/media?parent=5797"}],"wp:term":[{"taxonomy":"category","embeddable":true,"href":"https:\/\/zonalimitrofe-cbnr.com\/index.php\/wp-json\/wp\/v2\/categories?post=5797"},{"taxonomy":"post_tag","embeddable":true,"href":"https:\/\/zonalimitrofe-cbnr.com\/index.php\/wp-json\/wp\/v2\/tags?post=5797"}],"curies":[{"name":"wp","href":"https:\/\/api.w.org\/{rel}","templated":true}]}}