{"id":579,"date":"2024-01-15T21:56:41","date_gmt":"2024-01-15T21:56:41","guid":{"rendered":"https:\/\/zonalimitrofe-cbnr.com\/?p=579"},"modified":"2024-01-15T21:56:41","modified_gmt":"2024-01-15T21:56:41","slug":"lerdo-preven-bajas-temperaturas","status":"publish","type":"post","link":"https:\/\/zonalimitrofe-cbnr.com\/index.php\/2024\/01\/15\/lerdo-preven-bajas-temperaturas\/","title":{"rendered":"#LERDO. PREV\u00c9N BAJAS TEMPERATURAS"},"content":{"rendered":"\n<p>Lerdo, 15 de enero 2024.- La coordinadora de Protecci\u00f3n Civil en el municipio de Lerdo, Isabel Mac\u00edas, hace un exhorto a la poblaci\u00f3n para tomar las precauciones necesarias ante el descenso de temperaturas en la regi\u00f3n, e invita a las personas vulnerables a resguardarse en el Albergue Temporal, instalado en el Auditorio Municipal.<\/p>\n\n\n\n<p>Durante el martes 16 y mi\u00e9rcoles 17 de enero, las temperaturas m\u00ednimas rondar\u00e1n entre los 3 y 6 grados cent\u00edgrados, y las m\u00e1ximas entre los 19 y 23 grados, de acuerdo al pron\u00f3stico que comparte la Conagua. Adem\u00e1s, se prev\u00e9 cielo nublado, con posibilidad de r\u00e1fagas de viento de hasta 10 kil\u00f3metros por hora.<\/p>\n\n\n\n<p>La funcionaria insisti\u00f3 en la importancia de seguir las siguientes recomendaciones y, evitar los cambios bruscos de temperatura, as\u00ed como las corrientes de aire; al salir de un lugar cerrado (agradable o caliente), cubrir nariz y boca para evitar que el aire fr\u00edo entre a los pulmones; consumir frutas y verduras con vitamina C para mejorar las defensas del cuerpo.<\/p>\n\n\n\n<p>Ante el regreso de los ni\u00f1os a la escuela, se invita a los padres de familia para enviarlos abrigados adecuadamente: con ropa gruesa, bufanda, guantes y gorro. En caso de fr\u00edo extremo, se recomienda permanecer en casa.<\/p>\n\n\n\n<p>El Albergue Temporal se mantiene habilitado las 24 horas del d\u00eda, durante estos d\u00edas de fr\u00edo, en el Auditorio Municipal de Lerdo que se encuentra sobre el boulevard Miguel Alem\u00e1n de ciudad Lerdo. \u200e<\/p>\n","protected":false},"excerpt":{"rendered":"<p>Lerdo, 15 de enero 2024.- La coordinadora de Protecci\u00f3n Civil en el municipio de Lerdo, Isabel Mac\u00edas, hace un exhorto a la poblaci\u00f3n para tomar las precauciones necesarias ante el descenso de temperaturas en la regi\u00f3n, e invita a las personas vulnerables a resguardarse en el Albergue Temporal, instalado en el Auditorio Municipal. Durante el [&hellip;]<\/p>\n","protected":false},"author":1,"featured_media":580,"comment_status":"open","ping_status":"open","sticky":false,"template":"","format":"standard","meta":{"_monsterinsights_skip_tracking":false,"_monsterinsights_sitenote_active":false,"_monsterinsights_sitenote_note":"","_monsterinsights_sitenote_category":0,"footnotes":""},"categories":[1],"tags":[],"_links":{"self":[{"href":"https:\/\/zonalimitrofe-cbnr.com\/index.php\/wp-json\/wp\/v2\/posts\/579"}],"collection":[{"href":"https:\/\/zonalimitrofe-cbnr.com\/index.php\/wp-json\/wp\/v2\/posts"}],"about":[{"href":"https:\/\/zonalimitrofe-cbnr.com\/index.php\/wp-json\/wp\/v2\/types\/post"}],"author":[{"embeddable":true,"href":"https:\/\/zonalimitrofe-cbnr.com\/index.php\/wp-json\/wp\/v2\/users\/1"}],"replies":[{"embeddable":true,"href":"https:\/\/zonalimitrofe-cbnr.com\/index.php\/wp-json\/wp\/v2\/comments?post=579"}],"version-history":[{"count":1,"href":"https:\/\/zonalimitrofe-cbnr.com\/index.php\/wp-json\/wp\/v2\/posts\/579\/revisions"}],"predecessor-version":[{"id":581,"href":"https:\/\/zonalimitrofe-cbnr.com\/index.php\/wp-json\/wp\/v2\/posts\/579\/revisions\/581"}],"wp:featuredmedia":[{"embeddable":true,"href":"https:\/\/zonalimitrofe-cbnr.com\/index.php\/wp-json\/wp\/v2\/media\/580"}],"wp:attachment":[{"href":"https:\/\/zonalimitrofe-cbnr.com\/index.php\/wp-json\/wp\/v2\/media?parent=579"}],"wp:term":[{"taxonomy":"category","embeddable":true,"href":"https:\/\/zonalimitrofe-cbnr.com\/index.php\/wp-json\/wp\/v2\/categories?post=579"},{"taxonomy":"post_tag","embeddable":true,"href":"https:\/\/zonalimitrofe-cbnr.com\/index.php\/wp-json\/wp\/v2\/tags?post=579"}],"curies":[{"name":"wp","href":"https:\/\/api.w.org\/{rel}","templated":true}]}}