{"id":5728,"date":"2024-05-29T16:47:08","date_gmt":"2024-05-29T22:47:08","guid":{"rendered":"https:\/\/zonalimitrofe-cbnr.com\/?p=5728"},"modified":"2024-05-29T16:47:08","modified_gmt":"2024-05-29T22:47:08","slug":"coahuila-controlados-incendios-forestales-en-saltillo-y-arteaga","status":"publish","type":"post","link":"https:\/\/zonalimitrofe-cbnr.com\/index.php\/2024\/05\/29\/coahuila-controlados-incendios-forestales-en-saltillo-y-arteaga\/","title":{"rendered":"#Coahuila. CONTROLADOS INCENDIOS FORESTALES EN SALTILLO Y ARTEAGA"},"content":{"rendered":"\n<p>Jag\u00fcey de Ferniza, Saltillo, Coahuila de Zaragoza; a 28 de mayo de 2024.- Al concluir la jornada de control de los incendios forestales en la regi\u00f3n sureste de Coahuila, se reporta un 100 por ciento en el control del incendio y un 95 por ciento de liquidaci\u00f3n en el Ca\u00f1\u00f3n de los B\u00fafalos del Ejido Jag\u00fcey de Ferniza, con una superficie afectada de aproximadamente 74 hect\u00e1reas, principalmente compuesta de arbustos, pastizales y matorrales.<\/p>\n\n\n\n<p>En la estrategia de combate de este d\u00eda, participaron 131 combatientes de los tres \u00f3rdenes de gobierno, el Ej\u00e9rcito Mexicano, la Guardia Nacional y brigadas civiles.<\/p>\n\n\n\n<p>Se cont\u00f3 con el apoyo a\u00e9reo de un helic\u00f3ptero, y se inform\u00f3 que se continuar\u00e1 con acciones de vigilancia con 19 brigadistas por los siguientes 2 d\u00edas por parte del municipio de Saltillo, CONAFOR, as\u00ed como 2 ambulancias.<\/p>\n\n\n\n<p>En el incendio forestal en el ca\u00f1\u00f3n El Tunal en Arteaga, Coahuila, se reporta un 100 por ciento en el control del incendio y un 95 por ciento de liquidaci\u00f3n, con una superficie afectada de 3 hect\u00e1reas principalmente de matorral y \u00e1rbol adulto.<\/p>\n\n\n\n<p>Para el control del incendio participaron un total de 100 brigadistas y de igual manera se realizar\u00e1n acciones de vigilancia por los siguientes 3 d\u00edas para evitar que el fuego se reavive.<\/p>\n","protected":false},"excerpt":{"rendered":"<p>Jag\u00fcey de Ferniza, Saltillo, Coahuila de Zaragoza; a 28 de mayo de 2024.- Al concluir la jornada de control de los incendios forestales en la regi\u00f3n sureste de Coahuila, se reporta un 100 por ciento en el control del incendio y un 95 por ciento de liquidaci\u00f3n en el Ca\u00f1\u00f3n de los B\u00fafalos del Ejido [&hellip;]<\/p>\n","protected":false},"author":1,"featured_media":5729,"comment_status":"open","ping_status":"open","sticky":false,"template":"","format":"standard","meta":{"_monsterinsights_skip_tracking":false,"_monsterinsights_sitenote_active":false,"_monsterinsights_sitenote_note":"","_monsterinsights_sitenote_category":0,"footnotes":""},"categories":[1],"tags":[],"_links":{"self":[{"href":"https:\/\/zonalimitrofe-cbnr.com\/index.php\/wp-json\/wp\/v2\/posts\/5728"}],"collection":[{"href":"https:\/\/zonalimitrofe-cbnr.com\/index.php\/wp-json\/wp\/v2\/posts"}],"about":[{"href":"https:\/\/zonalimitrofe-cbnr.com\/index.php\/wp-json\/wp\/v2\/types\/post"}],"author":[{"embeddable":true,"href":"https:\/\/zonalimitrofe-cbnr.com\/index.php\/wp-json\/wp\/v2\/users\/1"}],"replies":[{"embeddable":true,"href":"https:\/\/zonalimitrofe-cbnr.com\/index.php\/wp-json\/wp\/v2\/comments?post=5728"}],"version-history":[{"count":1,"href":"https:\/\/zonalimitrofe-cbnr.com\/index.php\/wp-json\/wp\/v2\/posts\/5728\/revisions"}],"predecessor-version":[{"id":5730,"href":"https:\/\/zonalimitrofe-cbnr.com\/index.php\/wp-json\/wp\/v2\/posts\/5728\/revisions\/5730"}],"wp:featuredmedia":[{"embeddable":true,"href":"https:\/\/zonalimitrofe-cbnr.com\/index.php\/wp-json\/wp\/v2\/media\/5729"}],"wp:attachment":[{"href":"https:\/\/zonalimitrofe-cbnr.com\/index.php\/wp-json\/wp\/v2\/media?parent=5728"}],"wp:term":[{"taxonomy":"category","embeddable":true,"href":"https:\/\/zonalimitrofe-cbnr.com\/index.php\/wp-json\/wp\/v2\/categories?post=5728"},{"taxonomy":"post_tag","embeddable":true,"href":"https:\/\/zonalimitrofe-cbnr.com\/index.php\/wp-json\/wp\/v2\/tags?post=5728"}],"curies":[{"name":"wp","href":"https:\/\/api.w.org\/{rel}","templated":true}]}}