{"id":5643,"date":"2024-05-26T20:54:33","date_gmt":"2024-05-27T02:54:33","guid":{"rendered":"https:\/\/zonalimitrofe-cbnr.com\/?p=5643"},"modified":"2024-05-26T20:54:33","modified_gmt":"2024-05-27T02:54:33","slug":"coahuila-continuan-operativos-para-combatir-incendios-forestales-en-coahuila","status":"publish","type":"post","link":"https:\/\/zonalimitrofe-cbnr.com\/index.php\/2024\/05\/26\/coahuila-continuan-operativos-para-combatir-incendios-forestales-en-coahuila\/","title":{"rendered":"#Coahuila. CONTIN\u00daAN OPERATIVOS PARA COMBATIR INCENDIOS FORESTALES EN COAHUILA"},"content":{"rendered":"\n<p>Jag\u00fcey de Ferniza, Saltillo, Coahuila de Zaragoza; a 26 de junio de 2024.- Oscar Pimentel Gonz\u00e1lez, secretario de Gobierno, junto a Jos\u00e9 Mar\u00eda Fraustro Siller, presidente municipal de Saltillo, y Susana Estens de la Garza, secretaria de Medio Ambiente, acudieron al \u00e1rea del incendio forestal en Jag\u00fcey de Ferniza, en el sector conocido como Ca\u00f1\u00f3n de los B\u00fafalos, del cual se reporta un 50 por ciento de control y un 40 por ciento de liquidaci\u00f3n, al finalizar la jornada de combate de este domingo.<\/p>\n\n\n\n<p>La superficie afectada es de aproximadamente 45 hect\u00e1reas, principalmente de pastizal y matorral.<\/p>\n\n\n\n<p>Durante la reuni\u00f3n de evaluaci\u00f3n, se defini\u00f3 la estrategia de combate para este lunes, en donde se inform\u00f3 que hasta este domingo estuvieron trabajando 80 brigadistas y que a partir de este lunes se contar\u00e1 con 194 elementos totales pertenecientes a brigadas de los tres \u00f3rdenes de gobierno, el Ej\u00e9rcito Mexicano, la Guardia Nacional, as\u00ed como de brigadas civiles.<\/p>\n\n\n\n<p>Hasta esta jornada se contaba con el apoyo a\u00e9reo de un helic\u00f3ptero, y en la nueva estrategia se contar\u00e1 con la participaci\u00f3n de un helic\u00f3ptero m\u00e1s, mientras que en tierra se sumar\u00e1 m\u00e1s maquinaria para abrir brechas corta fuego.&nbsp;<\/p>\n\n\n\n<p>A nombre del gobernador Manolo Jim\u00e9nez Salinas, \u00d3scar Pimentel agradeci\u00f3 a todos los brigadistas por su trabajo y a todos quienes participan en la operaci\u00f3n por su gran apoyo.&nbsp;<\/p>\n\n\n\n<p>A esta localidad acudieron, adem\u00e1s, el General de Brigada DEM Guillermo Arellano Morales, Comandante de la 6ta. Zona Militar; Omar Garza, delegado estatal de la CONAFOR; Jos\u00e9 Luis Nava, experto en incendios forestales de \u201cAmigos de la Sierra\u201d; David Valladares, director de \u201cAmigos de la Sierra\u201d; Luis Hern\u00e1ndez, presidente de vecinos; Juan C\u00e1rdenas, de PROFAUNA; y Ren\u00e9 Medina Subsecretario de Medio Ambiente.<\/p>\n\n\n\n<p>Se dio a conocer que actualmente tambi\u00e9n se combate un incendio en el municipio de M\u00fazquiz en el Rancho Las Palmas, el cual reporta un 80 por ciento de control y un 70 por ciento de liquidaci\u00f3n.&nbsp;<\/p>\n\n\n\n<p>Adem\u00e1s, en la semana pasada se atendieron 8 incendios en el estado gracias a la coordinaci\u00f3n con los tres \u00f3rdenes de gobierno, el Ej\u00e9rcito Mexicano, la Guardia Nacional y asociaciones ambientalistas de la entidad.<\/p>\n","protected":false},"excerpt":{"rendered":"<p>Jag\u00fcey de Ferniza, Saltillo, Coahuila de Zaragoza; a 26 de junio de 2024.- Oscar Pimentel Gonz\u00e1lez, secretario de Gobierno, junto a Jos\u00e9 Mar\u00eda Fraustro Siller, presidente municipal de Saltillo, y Susana Estens de la Garza, secretaria de Medio Ambiente, acudieron al \u00e1rea del incendio forestal en Jag\u00fcey de Ferniza, en el sector conocido como Ca\u00f1\u00f3n [&hellip;]<\/p>\n","protected":false},"author":1,"featured_media":5644,"comment_status":"open","ping_status":"open","sticky":false,"template":"","format":"standard","meta":{"_monsterinsights_skip_tracking":false,"_monsterinsights_sitenote_active":false,"_monsterinsights_sitenote_note":"","_monsterinsights_sitenote_category":0,"footnotes":""},"categories":[1],"tags":[],"_links":{"self":[{"href":"https:\/\/zonalimitrofe-cbnr.com\/index.php\/wp-json\/wp\/v2\/posts\/5643"}],"collection":[{"href":"https:\/\/zonalimitrofe-cbnr.com\/index.php\/wp-json\/wp\/v2\/posts"}],"about":[{"href":"https:\/\/zonalimitrofe-cbnr.com\/index.php\/wp-json\/wp\/v2\/types\/post"}],"author":[{"embeddable":true,"href":"https:\/\/zonalimitrofe-cbnr.com\/index.php\/wp-json\/wp\/v2\/users\/1"}],"replies":[{"embeddable":true,"href":"https:\/\/zonalimitrofe-cbnr.com\/index.php\/wp-json\/wp\/v2\/comments?post=5643"}],"version-history":[{"count":1,"href":"https:\/\/zonalimitrofe-cbnr.com\/index.php\/wp-json\/wp\/v2\/posts\/5643\/revisions"}],"predecessor-version":[{"id":5645,"href":"https:\/\/zonalimitrofe-cbnr.com\/index.php\/wp-json\/wp\/v2\/posts\/5643\/revisions\/5645"}],"wp:featuredmedia":[{"embeddable":true,"href":"https:\/\/zonalimitrofe-cbnr.com\/index.php\/wp-json\/wp\/v2\/media\/5644"}],"wp:attachment":[{"href":"https:\/\/zonalimitrofe-cbnr.com\/index.php\/wp-json\/wp\/v2\/media?parent=5643"}],"wp:term":[{"taxonomy":"category","embeddable":true,"href":"https:\/\/zonalimitrofe-cbnr.com\/index.php\/wp-json\/wp\/v2\/categories?post=5643"},{"taxonomy":"post_tag","embeddable":true,"href":"https:\/\/zonalimitrofe-cbnr.com\/index.php\/wp-json\/wp\/v2\/tags?post=5643"}],"curies":[{"name":"wp","href":"https:\/\/api.w.org\/{rel}","templated":true}]}}