{"id":5556,"date":"2024-05-23T17:40:33","date_gmt":"2024-05-23T23:40:33","guid":{"rendered":"https:\/\/zonalimitrofe-cbnr.com\/?p=5556"},"modified":"2024-05-23T17:40:33","modified_gmt":"2024-05-23T23:40:33","slug":"congresocoahuila-realizan-foro-estatal-de-inclusion-en-materia-de-derechos-politico-electorales","status":"publish","type":"post","link":"https:\/\/zonalimitrofe-cbnr.com\/index.php\/2024\/05\/23\/congresocoahuila-realizan-foro-estatal-de-inclusion-en-materia-de-derechos-politico-electorales\/","title":{"rendered":"#CongresoCoahuila. Realizan Foro Estatal de Inclusi\u00f3n en materia de Derechos Pol\u00edtico Electorales"},"content":{"rendered":"\n<p><strong>Saltillo, Coahuila, 23 de mayo de 2024.-<\/strong> Se llev\u00f3 a cabo en el Congreso del Estado de Coahuila el Foro Estatal de Inclusi\u00f3n \u201cRetos en el Ejercicio de los Derechos Pol\u00edtico Electorales en Grupos en Situaci\u00f3n de Vulnerabilidad\u201d organizado por el Instituto Nacional Electoral (INE) con la participaci\u00f3n de ciudadanas y ciudadanos con discapacidad auditiva, visual y personas de talla baja, organizaciones as\u00ed como representantes de las autoridades electorales, Congreso del Estado y la Comisi\u00f3n de Derechos Humanos del Estado de Coahuila. A nombre de la Sexag\u00e9sima Tercera Legislatura, la diputada Norma Garc\u00eda Mariscal, coordinadora de la Comisi\u00f3n de Atenci\u00f3n a Grupos en Situaci\u00f3n de Vulnerabilidad del Congreso del Estado, dio la bienvenida a los panelistas e invitados a este evento. En su mensaje, la diputada Garc\u00eda Mariscal dijo que se debe reconocer que desde hace algunos a\u00f1os las instituciones en M\u00e9xico han generado las condiciones para que m\u00e1s personas participen en la vida democr\u00e1tica del pa\u00eds, desde el derecho al voto a la mujer hasta la instalaci\u00f3n de casillas para personas con alguna discapacidad, para facilitar el acceso a los adultos mayores con problemas de movilidad f\u00edsica, hasta la posibilidad de que emitan su voto personas que se encuentran en prisi\u00f3n preventiva. La diputada manifest\u00f3 que la ciudadan\u00eda cuenta con el Congreso como una plataforma para externar sus inquietudes y propuestas, y que las y los diputados tienen una agenda legislativa conjunta que llevar\u00e1n a cabo en temas como los tratados en el panel. Fueron panelistas Alina Ortiz de Montellano, Presidenta de &#8220;Sordos Coahuilenses&#8221;; Od\u00edn Lugo Guerrero, representante de la Asociaci\u00f3n Mexicana de Enfermedades Visuales y Estudios de la Retina A.C. ; la activista Cynthia Molano Serna; Gisel Luis Ovalle, coordinadora del Centro de Investigaci\u00f3n de la Comisi\u00f3n de los Derechos Humanos de Coahuila; y Ad\u00e1n Giovanni Laguna L\u00f3pez de la Vocal\u00eda Ejecutiva del INE. Los panelistas abordaron temas sobre las casillas especiales para personas con discapacidad, el derecho de este sector a expresar sus opiniones con libertad, a comunicarse de la forma que elijan y los retos para asegurar este derecho. Asimismo hablaron sobre las dificultades y barreras que enfrentan para ser visibilizados, obtener un empleo, poder estudiar, la comunicaci\u00f3n con otras personas y para tener una mayor participaci\u00f3n en las decisiones de gobierno.<\/p>\n\n\n\n<p>El representante del INE, Ad\u00e1n Giovanni Laguna inform\u00f3 de los trabajos desarrollados por el Instituto Nacional Electoral para facilitar el voto a personas de grupos vulnerables, incluso, sobre la posibilidad de que emitan su voto de forma anticipada.<\/p>\n\n\n\n<p>En este evento se cont\u00f3 tambi\u00e9n con la presencia del Vocal Ejecutivo del INE, Jos\u00e9 Luis V\u00e1zquez L\u00f3pez; el Vocal de Capacitaci\u00f3n Electoral y Educaci\u00f3n C\u00edvica, Abelardo Rojas Medel; consejeros electorales, y como invitados especiales representantes de organizaciones de personas con discapacidad.<\/p>\n","protected":false},"excerpt":{"rendered":"<p>Saltillo, Coahuila, 23 de mayo de 2024.- Se llev\u00f3 a cabo en el Congreso del Estado de Coahuila el Foro Estatal de Inclusi\u00f3n \u201cRetos en el Ejercicio de los Derechos Pol\u00edtico Electorales en Grupos en Situaci\u00f3n de Vulnerabilidad\u201d organizado por el Instituto Nacional Electoral (INE) con la participaci\u00f3n de ciudadanas y ciudadanos con discapacidad auditiva, [&hellip;]<\/p>\n","protected":false},"author":1,"featured_media":5557,"comment_status":"open","ping_status":"open","sticky":false,"template":"","format":"standard","meta":{"_monsterinsights_skip_tracking":false,"_monsterinsights_sitenote_active":false,"_monsterinsights_sitenote_note":"","_monsterinsights_sitenote_category":0,"footnotes":""},"categories":[1],"tags":[],"_links":{"self":[{"href":"https:\/\/zonalimitrofe-cbnr.com\/index.php\/wp-json\/wp\/v2\/posts\/5556"}],"collection":[{"href":"https:\/\/zonalimitrofe-cbnr.com\/index.php\/wp-json\/wp\/v2\/posts"}],"about":[{"href":"https:\/\/zonalimitrofe-cbnr.com\/index.php\/wp-json\/wp\/v2\/types\/post"}],"author":[{"embeddable":true,"href":"https:\/\/zonalimitrofe-cbnr.com\/index.php\/wp-json\/wp\/v2\/users\/1"}],"replies":[{"embeddable":true,"href":"https:\/\/zonalimitrofe-cbnr.com\/index.php\/wp-json\/wp\/v2\/comments?post=5556"}],"version-history":[{"count":1,"href":"https:\/\/zonalimitrofe-cbnr.com\/index.php\/wp-json\/wp\/v2\/posts\/5556\/revisions"}],"predecessor-version":[{"id":5558,"href":"https:\/\/zonalimitrofe-cbnr.com\/index.php\/wp-json\/wp\/v2\/posts\/5556\/revisions\/5558"}],"wp:featuredmedia":[{"embeddable":true,"href":"https:\/\/zonalimitrofe-cbnr.com\/index.php\/wp-json\/wp\/v2\/media\/5557"}],"wp:attachment":[{"href":"https:\/\/zonalimitrofe-cbnr.com\/index.php\/wp-json\/wp\/v2\/media?parent=5556"}],"wp:term":[{"taxonomy":"category","embeddable":true,"href":"https:\/\/zonalimitrofe-cbnr.com\/index.php\/wp-json\/wp\/v2\/categories?post=5556"},{"taxonomy":"post_tag","embeddable":true,"href":"https:\/\/zonalimitrofe-cbnr.com\/index.php\/wp-json\/wp\/v2\/tags?post=5556"}],"curies":[{"name":"wp","href":"https:\/\/api.w.org\/{rel}","templated":true}]}}