{"id":5514,"date":"2024-05-22T18:08:25","date_gmt":"2024-05-23T00:08:25","guid":{"rendered":"https:\/\/zonalimitrofe-cbnr.com\/?p=5514"},"modified":"2024-05-22T18:08:25","modified_gmt":"2024-05-23T00:08:25","slug":"torreon-realizan-feria-interactiva-de-derechos-humanos-para-adolescentes","status":"publish","type":"post","link":"https:\/\/zonalimitrofe-cbnr.com\/index.php\/2024\/05\/22\/torreon-realizan-feria-interactiva-de-derechos-humanos-para-adolescentes\/","title":{"rendered":"#Torre\u00f3n. Realizan feria interactiva de derechos humanos para adolescentes"},"content":{"rendered":"\n<p>Torre\u00f3n, Coahuila. A 22 de mayo de 2024.<\/p>\n\n\n\n<p>El Sistema para el Desarrollo Integral de la Familia (DIF) Torre\u00f3n, realiz\u00f3 una feria interactiva de derechos humanos para los alumnos de la Escuela Secundaria \u201cGeneral Carlos Delgado L\u00f3pez\u201d de la colonia Ciudad Nazas, donde tambi\u00e9n participaron otras dependencias municipales.<\/p>\n\n\n\n<p>La se\u00f1ora Selina Bremer de Cepeda, presidenta honoraria del DIF Torre\u00f3n, acudi\u00f3 a la instituci\u00f3n educativa, y dialog\u00f3 sobre derechos humanos con alrededor de 500 j\u00f3venes que cursan los tres diferentes grados de secundaria.<\/p>\n\n\n\n<p>Claudia Marlene Mart\u00ednez Vald\u00e9s, directora general del organismo, explic\u00f3 que se trata de un evento educativo y participativo, dise\u00f1ado para aumentar la conciencia y comprensi\u00f3n de los derechos humanos entre los asistentes, en esta ocasi\u00f3n los j\u00f3venes estudiantes.<\/p>\n\n\n\n<p>\u201cLo que buscamos es acercarons a los j\u00f3venes con una estrategia atractiva para ellos y hablar sobre temas tan importantes en su desarrollo como lo es el de derechos humanos\u201d, dijo.<\/p>\n\n\n\n<p>Se incluy\u00f3 una variedad de actividades donde se discutieron diversos temas de derechos humanos, su historia, importancia y c\u00f3mo se aplican en la vida cotidiana.<\/p>\n\n\n\n<p>Adem\u00e1s de exposiciones que ilustran casos hist\u00f3ricos y actuales referentes a los derechos humanos, incluyendo fotograf\u00edas y materiales audiovisuales.<\/p>\n\n\n\n<p>La feria contempla tambi\u00e9n juegos y din\u00e1micas, actividades l\u00fadicas dise\u00f1adas para ense\u00f1ar los principios de derechos humanos de manera pr\u00e1ctica y entretenida, mencion\u00f3 la directora.<\/p>\n\n\n\n<p>Se colocaron tambi\u00e9n stands informativos atendidos por organizaciones de derechos humanos, donde los asistentes pudieron obtener m\u00e1s datos de su inter\u00e9s, folletos y otros recursos educativos.<\/p>\n\n\n\n<p>Al evento tambi\u00e9n acudi\u00f3 personal de otras dependencias como Prevenci\u00f3n del Delito y Seguridad P\u00fablica, entre otras.<\/p>\n\n\n\n<p>Mart\u00ednez Vald\u00e9s agradeci\u00f3 a las instituciones educativas que abren sus puertas para realizar este tipo de eventos, pues dijo que de esta manera los j\u00f3venes complementan su educaci\u00f3n con otros temas de valor para la sociedad.<\/p>\n","protected":false},"excerpt":{"rendered":"<p>Torre\u00f3n, Coahuila. A 22 de mayo de 2024. El Sistema para el Desarrollo Integral de la Familia (DIF) Torre\u00f3n, realiz\u00f3 una feria interactiva de derechos humanos para los alumnos de la Escuela Secundaria \u201cGeneral Carlos Delgado L\u00f3pez\u201d de la colonia Ciudad Nazas, donde tambi\u00e9n participaron otras dependencias municipales. La se\u00f1ora Selina Bremer de Cepeda, presidenta [&hellip;]<\/p>\n","protected":false},"author":1,"featured_media":5515,"comment_status":"open","ping_status":"open","sticky":false,"template":"","format":"standard","meta":{"_monsterinsights_skip_tracking":false,"_monsterinsights_sitenote_active":false,"_monsterinsights_sitenote_note":"","_monsterinsights_sitenote_category":0,"footnotes":""},"categories":[1],"tags":[],"_links":{"self":[{"href":"https:\/\/zonalimitrofe-cbnr.com\/index.php\/wp-json\/wp\/v2\/posts\/5514"}],"collection":[{"href":"https:\/\/zonalimitrofe-cbnr.com\/index.php\/wp-json\/wp\/v2\/posts"}],"about":[{"href":"https:\/\/zonalimitrofe-cbnr.com\/index.php\/wp-json\/wp\/v2\/types\/post"}],"author":[{"embeddable":true,"href":"https:\/\/zonalimitrofe-cbnr.com\/index.php\/wp-json\/wp\/v2\/users\/1"}],"replies":[{"embeddable":true,"href":"https:\/\/zonalimitrofe-cbnr.com\/index.php\/wp-json\/wp\/v2\/comments?post=5514"}],"version-history":[{"count":1,"href":"https:\/\/zonalimitrofe-cbnr.com\/index.php\/wp-json\/wp\/v2\/posts\/5514\/revisions"}],"predecessor-version":[{"id":5516,"href":"https:\/\/zonalimitrofe-cbnr.com\/index.php\/wp-json\/wp\/v2\/posts\/5514\/revisions\/5516"}],"wp:featuredmedia":[{"embeddable":true,"href":"https:\/\/zonalimitrofe-cbnr.com\/index.php\/wp-json\/wp\/v2\/media\/5515"}],"wp:attachment":[{"href":"https:\/\/zonalimitrofe-cbnr.com\/index.php\/wp-json\/wp\/v2\/media?parent=5514"}],"wp:term":[{"taxonomy":"category","embeddable":true,"href":"https:\/\/zonalimitrofe-cbnr.com\/index.php\/wp-json\/wp\/v2\/categories?post=5514"},{"taxonomy":"post_tag","embeddable":true,"href":"https:\/\/zonalimitrofe-cbnr.com\/index.php\/wp-json\/wp\/v2\/tags?post=5514"}],"curies":[{"name":"wp","href":"https:\/\/api.w.org\/{rel}","templated":true}]}}