{"id":551,"date":"2024-01-14T23:33:18","date_gmt":"2024-01-14T23:33:18","guid":{"rendered":"https:\/\/zonalimitrofe-cbnr.com\/?p=551"},"modified":"2024-01-14T23:33:18","modified_gmt":"2024-01-14T23:33:18","slug":"durango-avanza-gobierno-de-esteban-en-organizacion-para-recibir-eclipse-de-sol","status":"publish","type":"post","link":"https:\/\/zonalimitrofe-cbnr.com\/index.php\/2024\/01\/14\/durango-avanza-gobierno-de-esteban-en-organizacion-para-recibir-eclipse-de-sol\/","title":{"rendered":"#Durango. Avanza Gobierno de Esteban en organizaci\u00f3n para recibir Eclipse de Sol*"},"content":{"rendered":"\n<ul>\n<li><em>En encuentro con expertos y cient\u00edficos, comparten experiencias y recomendaciones para que fen\u00f3meno astron\u00f3mico se viva sin contratiempos.<\/em><\/li>\n\n\n\n<li><em>Invitan a j\u00f3venes que hablan otro idioma, para ser voluntarios en operativos tur\u00edsticos en los 9 municipios donde se apreciar\u00e1 el Eclipse.<\/em><\/li>\n<\/ul>\n\n\n\n<p>El Comit\u00e9 Nacional de Eclipses, resalt\u00f3 el avance, la organizaci\u00f3n y la preparaci\u00f3n que lleva el Gobierno de Esteban Villegas para recibir a visitantes especializados y turismo en general, que disfrutar\u00e1n el pr\u00f3ximo 8 de abril del Eclipse Solar Total.<\/p>\n\n\n\n<p>As\u00ed lo dio a conocer la titular de la Secretar\u00eda de Turismo, Elisa Haro Ruiz al detallar que en la reuni\u00f3n con integrantes de este comit\u00e9, conformado por cient\u00edficos del Instituto de Astronom\u00eda de la UNAM, Instituto Nacional de Astrof\u00edsica, la Universidad Iberoamericana, Universidad Aut\u00f3noma de Sinaloa, Planetario Canc\u00fan, Colegio de la Frontera Sur, Escuela Nacional de Estudios Superiores y Planetario Torre\u00f3n, ofrecieron a Durango la vinculaci\u00f3n con especialistas para brindar las capacitaciones al sector educativo y \u00e1reas prioritarias.<\/p>\n\n\n\n<p>Haro Ruiz, mencion\u00f3 que en este encuentro se gestion\u00f3 una donaci\u00f3n de lentes especiales para la observaci\u00f3n segura del Eclipse para grupos vulnerables, espec\u00edficamente en ni\u00f1os de Casa Hogar, as\u00ed como adultos mayores que se encuentren en asilos y poblaci\u00f3n ind\u00edgena.<\/p>\n\n\n\n<p>Por otro lado, realiz\u00f3 la invitaci\u00f3n para convocar a j\u00f3venes que hablen otro idioma, para ser voluntarios en los operativos que se tendr\u00e1n en los 9 municipios, para que reciban a los visitantes internacionales y realicen la promoci\u00f3n tur\u00edstica; \u201clos interesados ya pueden empezar a inscribirse, con el fin de mostrar lo mejor de Durango, ya que se tiene confirmados personas de Jap\u00f3n, Brasil, Alemania, Estados Unidos y Canad\u00e1, entre otros pa\u00edses\u201d, apunt\u00f3.<\/p>\n\n\n\n<p>La Secretaria detall\u00f3 que los expertos compartieron experiencias de fen\u00f3menos astron\u00f3micos pasados, como el sucedido en Yucat\u00e1n que registr\u00f3 un Eclipse en el mes de octubre, por lo que recomendaron poner atenci\u00f3n en los flujos de las carreteras para tomar las precauciones ante la llegada de diversos turistas nacionales e internacionales.<\/p>\n","protected":false},"excerpt":{"rendered":"<p>El Comit\u00e9 Nacional de Eclipses, resalt\u00f3 el avance, la organizaci\u00f3n y la preparaci\u00f3n que lleva el Gobierno de Esteban Villegas para recibir a visitantes especializados y turismo en general, que disfrutar\u00e1n el pr\u00f3ximo 8 de abril del Eclipse Solar Total. As\u00ed lo dio a conocer la titular de la Secretar\u00eda de Turismo, Elisa Haro Ruiz [&hellip;]<\/p>\n","protected":false},"author":1,"featured_media":552,"comment_status":"open","ping_status":"open","sticky":false,"template":"","format":"standard","meta":{"_monsterinsights_skip_tracking":false,"_monsterinsights_sitenote_active":false,"_monsterinsights_sitenote_note":"","_monsterinsights_sitenote_category":0,"footnotes":""},"categories":[1],"tags":[],"_links":{"self":[{"href":"https:\/\/zonalimitrofe-cbnr.com\/index.php\/wp-json\/wp\/v2\/posts\/551"}],"collection":[{"href":"https:\/\/zonalimitrofe-cbnr.com\/index.php\/wp-json\/wp\/v2\/posts"}],"about":[{"href":"https:\/\/zonalimitrofe-cbnr.com\/index.php\/wp-json\/wp\/v2\/types\/post"}],"author":[{"embeddable":true,"href":"https:\/\/zonalimitrofe-cbnr.com\/index.php\/wp-json\/wp\/v2\/users\/1"}],"replies":[{"embeddable":true,"href":"https:\/\/zonalimitrofe-cbnr.com\/index.php\/wp-json\/wp\/v2\/comments?post=551"}],"version-history":[{"count":1,"href":"https:\/\/zonalimitrofe-cbnr.com\/index.php\/wp-json\/wp\/v2\/posts\/551\/revisions"}],"predecessor-version":[{"id":553,"href":"https:\/\/zonalimitrofe-cbnr.com\/index.php\/wp-json\/wp\/v2\/posts\/551\/revisions\/553"}],"wp:featuredmedia":[{"embeddable":true,"href":"https:\/\/zonalimitrofe-cbnr.com\/index.php\/wp-json\/wp\/v2\/media\/552"}],"wp:attachment":[{"href":"https:\/\/zonalimitrofe-cbnr.com\/index.php\/wp-json\/wp\/v2\/media?parent=551"}],"wp:term":[{"taxonomy":"category","embeddable":true,"href":"https:\/\/zonalimitrofe-cbnr.com\/index.php\/wp-json\/wp\/v2\/categories?post=551"},{"taxonomy":"post_tag","embeddable":true,"href":"https:\/\/zonalimitrofe-cbnr.com\/index.php\/wp-json\/wp\/v2\/tags?post=551"}],"curies":[{"name":"wp","href":"https:\/\/api.w.org\/{rel}","templated":true}]}}