{"id":5393,"date":"2024-05-20T17:39:56","date_gmt":"2024-05-20T23:39:56","guid":{"rendered":"https:\/\/zonalimitrofe-cbnr.com\/?p=5393"},"modified":"2024-05-20T17:39:56","modified_gmt":"2024-05-20T23:39:56","slug":"lerdo-firma-de-convenio-con-ujed","status":"publish","type":"post","link":"https:\/\/zonalimitrofe-cbnr.com\/index.php\/2024\/05\/20\/lerdo-firma-de-convenio-con-ujed\/","title":{"rendered":"#Lerdo. FIRMA DE CONVENIO CON UJED*"},"content":{"rendered":"\n<p>El Presidente Municipal Homero Mart\u00ednez Cabrera firm\u00f3 un convenio de colaboraci\u00f3n con la Universidad Ju\u00e1rez del Estado de Durango (UJED), en la Sala Presidentes del Palacio Municipal, en un esfuerzo para fortalecer la educaci\u00f3n y los lazos de participaci\u00f3n entre los estudiantes y el Ayuntamiento.<\/p>\n\n\n\n<p>En este encuentro de di\u00e1logo, el edil estuvo acompa\u00f1ado del Rector de la UJED, Maestro Rub\u00e9n Sol\u00eds R\u00edos; el Secretario del Ayuntamiento, Jes\u00fas Eduardo Lara Urby; Ricardo Garc\u00eda Lazos, Coordinador de Proyectos Estrat\u00e9gicos Municipales.<\/p>\n\n\n\n<p>As\u00ed como de autoridades docentes de la universidad; Dr. Juan Manuel Candelas Rangel, Enlace Institucional de la Laguna; Dr. Rom\u00e1n de Santos S\u00e1nchez, director de la Facultad de Ciencias de la Salud (FACSA); M.C. Roberto de Jes\u00fas G\u00f3mez Estrada, director de la Facultad de Ingenier\u00eda, Ciencias y Arquitectura (FICA); M.C. Julio Gerardo Lozoya V\u00e9lez, Secretario General de la UJED FICA; Dr. Cirilo V\u00e1zquez V\u00e1zquez, director de la Facultad de Agricultura y Zootecnia.<\/p>\n\n\n\n<p>El Alcalde destac\u00f3 que con este esfuerzo coordinado se contin\u00faa trabajando para que Lerdo siga avanzando en materia educativa, y que los alumnos de prestigiada instituci\u00f3n, tengan la oportunidad de desarrollar y poner en pr\u00e1ctica sus habilidades laborales, sociales, ar\u00edstico-culturales, en el territorio lerdense.<\/p>\n","protected":false},"excerpt":{"rendered":"<p>El Presidente Municipal Homero Mart\u00ednez Cabrera firm\u00f3 un convenio de colaboraci\u00f3n con la Universidad Ju\u00e1rez del Estado de Durango (UJED), en la Sala Presidentes del Palacio Municipal, en un esfuerzo para fortalecer la educaci\u00f3n y los lazos de participaci\u00f3n entre los estudiantes y el Ayuntamiento. En este encuentro de di\u00e1logo, el edil estuvo acompa\u00f1ado del [&hellip;]<\/p>\n","protected":false},"author":1,"featured_media":5394,"comment_status":"open","ping_status":"open","sticky":false,"template":"","format":"standard","meta":{"_monsterinsights_skip_tracking":false,"_monsterinsights_sitenote_active":false,"_monsterinsights_sitenote_note":"","_monsterinsights_sitenote_category":0,"footnotes":""},"categories":[1],"tags":[],"_links":{"self":[{"href":"https:\/\/zonalimitrofe-cbnr.com\/index.php\/wp-json\/wp\/v2\/posts\/5393"}],"collection":[{"href":"https:\/\/zonalimitrofe-cbnr.com\/index.php\/wp-json\/wp\/v2\/posts"}],"about":[{"href":"https:\/\/zonalimitrofe-cbnr.com\/index.php\/wp-json\/wp\/v2\/types\/post"}],"author":[{"embeddable":true,"href":"https:\/\/zonalimitrofe-cbnr.com\/index.php\/wp-json\/wp\/v2\/users\/1"}],"replies":[{"embeddable":true,"href":"https:\/\/zonalimitrofe-cbnr.com\/index.php\/wp-json\/wp\/v2\/comments?post=5393"}],"version-history":[{"count":1,"href":"https:\/\/zonalimitrofe-cbnr.com\/index.php\/wp-json\/wp\/v2\/posts\/5393\/revisions"}],"predecessor-version":[{"id":5395,"href":"https:\/\/zonalimitrofe-cbnr.com\/index.php\/wp-json\/wp\/v2\/posts\/5393\/revisions\/5395"}],"wp:featuredmedia":[{"embeddable":true,"href":"https:\/\/zonalimitrofe-cbnr.com\/index.php\/wp-json\/wp\/v2\/media\/5394"}],"wp:attachment":[{"href":"https:\/\/zonalimitrofe-cbnr.com\/index.php\/wp-json\/wp\/v2\/media?parent=5393"}],"wp:term":[{"taxonomy":"category","embeddable":true,"href":"https:\/\/zonalimitrofe-cbnr.com\/index.php\/wp-json\/wp\/v2\/categories?post=5393"},{"taxonomy":"post_tag","embeddable":true,"href":"https:\/\/zonalimitrofe-cbnr.com\/index.php\/wp-json\/wp\/v2\/tags?post=5393"}],"curies":[{"name":"wp","href":"https:\/\/api.w.org\/{rel}","templated":true}]}}