{"id":5329,"date":"2024-05-18T16:51:46","date_gmt":"2024-05-18T22:51:46","guid":{"rendered":"https:\/\/zonalimitrofe-cbnr.com\/?p=5329"},"modified":"2024-05-18T16:51:47","modified_gmt":"2024-05-18T22:51:47","slug":"durango-con-respaldo-del-gobernador-se-mejora-infraestructura-escolar-y-la-dignificacion-docente-reconocen-maestros","status":"publish","type":"post","link":"https:\/\/zonalimitrofe-cbnr.com\/index.php\/2024\/05\/18\/durango-con-respaldo-del-gobernador-se-mejora-infraestructura-escolar-y-la-dignificacion-docente-reconocen-maestros\/","title":{"rendered":"#Durango. Con respaldo del Gobernador se mejora infraestructura escolar y la dignificaci\u00f3n docente, reconocen maestros"},"content":{"rendered":"\n<p>En el marco de la celebraci\u00f3n del D\u00eda del Maestro, algunos de los docentes homenajeados, acompa\u00f1ados de sus familiares, despu\u00e9s de recibir su reconocimiento por parte del Gobernador, recordaron sus experiencias y de c\u00f3mo ha ido evolucionado y mejorado la calidad de la ense\u00f1anza educativa.<\/p>\n\n\n\n<p><em>Profesor Hugo C\u00e9sar Borja Quiroga de la escuela primaria Tierra y Libertad de Canatl\u00e1n<\/em><br>\u201cMuchas experiencias desde que sal\u00ed de la escuela hace 30 a\u00f1os estuve trabajando en la sierra con ni\u00f1os tarahumaras, muy bonita profesi\u00f3n\u201d.<br>Indic\u00f3 que tiene 20 a\u00f1os en la escuela Tierra y Libertad, como docente y ahora con el apoyo de Esteban, se sienten m\u00e1s motivados, adem\u00e1s de recibir por parte del DIF Estatal una silla de ruedas, para una mejor movilidad; \u201cyo no lo conoc\u00eda en persona, lleg\u00f3 y me ofreci\u00f3 una silla de ruedas, he visto noticias y si se est\u00e1 poniendo las pilas el Gobernador, se comprometi\u00f3 a apoyarnos con el pago de quinquenios y la se\u00f1ora Marisol me salud\u00f3 muy amable, es una persona comprometida con la gente de Durango\u201d.<\/p>\n\n\n\n<p><em>Mayela Duarte Blanco, con 40 a\u00f1os de servicio\/ supervisora de preescolar de la zona 50.<\/em><br>\u201cComo lo dijo atinadamente el Ejecutivo Estatal, formar un equipo, cada quien hacer nuestra parte, si nos profesionalizamos vamos a hacer que Durango sea mejor como \u00e9l lo proyecta y ser de las primeras potencias educativas\u201d.<\/p>\n\n\n\n<p><em>Margarito Vargas L\u00f3pez con 50 a\u00f1os de servicio, particip\u00f3 en misiones culturales<\/em><br>\u201cMe siento muy feliz por este reconocimiento por parte del Gobernador\u201d, expres\u00f3 al recordar los a\u00f1os que pas\u00f3 recorriendo comunidades y llevar los conocimientos a diversas regiones; igualmente destac\u00f3 el gran apoyo de los uniformes gratuitos para todos los alumnos.<\/p>\n\n\n\n<p><em>Mar\u00eda Teresa Flores Pi\u00f1a, labora en el jard\u00edn de ni\u00f1os \u201cFrancisco Castillo N\u00e1jera\u201d y primaria 21 de Marzo, con 40 a\u00f1os de servicio<\/em><br>\u201cDur\u00e9 27 a\u00f1os frente a grupo, ahora estoy como directora, gran satisfacci\u00f3n, nos ha permitido entender mucha idiosincrasias, valores, conocimientos; mi agradecimiento a padres de familia en labor conjunta con el Gobierno del Estado, definitivamente nuestras escuelas son de las mejores equipadas, gracias a las gestiones de Esteban y con tecnolog\u00eda que nos sirve de herramienta para el conocimiento de los ni\u00f1os\u201d.<\/p>\n\n\n\n<p><em>Prof. Tiburcio Estrada Reyes, de la secundaria general en Poanas, con 30 a\u00f1os de servicio.<\/em><br>Mencion\u00f3 que anteriormente estuvo en Tamazula por ocho a\u00f1os en la regi\u00f3n de las Quebradas y otra temporada en la capital; \u201cyo cuando me fui a la sierra, fue a aprender muchas cosas de la gente, all\u00e1 conoc\u00ed al Gobernador cuando empezaba su carrera pol\u00edtica, en aquel tiempo era dif\u00edcil, no hab\u00eda mucha comunicaci\u00f3n, ahora con el internet es m\u00e1s f\u00e1cil y gran apoyo de Esteban con uniformes, se ve igualdad y seguridad para identificar con mayor facilidad a los alumnos.\u201d<\/p>\n\n\n\n<p>De igual forma los docentes de la Laguna como Blanca Alicia \u00c1lvarez de la Rosa con 40 a\u00f1os de servicio, Elena Aparicio Quezada con 30 a\u00f1os en la docencia y Daniel Villegas Garc\u00eda con 30 a\u00f1os frente a grupo, destacaron la gran motivaci\u00f3n de recibir su premio, &#8220;muchas gracias Gobernador, que bien que sigue apoyando a nuestra ni\u00f1ez, que es el futuro de nuestra regi\u00f3n y nuestro pa\u00eds&#8221;.<\/p>\n","protected":false},"excerpt":{"rendered":"<p>En el marco de la celebraci\u00f3n del D\u00eda del Maestro, algunos de los docentes homenajeados, acompa\u00f1ados de sus familiares, despu\u00e9s de recibir su reconocimiento por parte del Gobernador, recordaron sus experiencias y de c\u00f3mo ha ido evolucionado y mejorado la calidad de la ense\u00f1anza educativa. Profesor Hugo C\u00e9sar Borja Quiroga de la escuela primaria Tierra [&hellip;]<\/p>\n","protected":false},"author":1,"featured_media":5330,"comment_status":"open","ping_status":"open","sticky":false,"template":"","format":"standard","meta":{"_monsterinsights_skip_tracking":false,"_monsterinsights_sitenote_active":false,"_monsterinsights_sitenote_note":"","_monsterinsights_sitenote_category":0,"footnotes":""},"categories":[1],"tags":[],"_links":{"self":[{"href":"https:\/\/zonalimitrofe-cbnr.com\/index.php\/wp-json\/wp\/v2\/posts\/5329"}],"collection":[{"href":"https:\/\/zonalimitrofe-cbnr.com\/index.php\/wp-json\/wp\/v2\/posts"}],"about":[{"href":"https:\/\/zonalimitrofe-cbnr.com\/index.php\/wp-json\/wp\/v2\/types\/post"}],"author":[{"embeddable":true,"href":"https:\/\/zonalimitrofe-cbnr.com\/index.php\/wp-json\/wp\/v2\/users\/1"}],"replies":[{"embeddable":true,"href":"https:\/\/zonalimitrofe-cbnr.com\/index.php\/wp-json\/wp\/v2\/comments?post=5329"}],"version-history":[{"count":1,"href":"https:\/\/zonalimitrofe-cbnr.com\/index.php\/wp-json\/wp\/v2\/posts\/5329\/revisions"}],"predecessor-version":[{"id":5331,"href":"https:\/\/zonalimitrofe-cbnr.com\/index.php\/wp-json\/wp\/v2\/posts\/5329\/revisions\/5331"}],"wp:featuredmedia":[{"embeddable":true,"href":"https:\/\/zonalimitrofe-cbnr.com\/index.php\/wp-json\/wp\/v2\/media\/5330"}],"wp:attachment":[{"href":"https:\/\/zonalimitrofe-cbnr.com\/index.php\/wp-json\/wp\/v2\/media?parent=5329"}],"wp:term":[{"taxonomy":"category","embeddable":true,"href":"https:\/\/zonalimitrofe-cbnr.com\/index.php\/wp-json\/wp\/v2\/categories?post=5329"},{"taxonomy":"post_tag","embeddable":true,"href":"https:\/\/zonalimitrofe-cbnr.com\/index.php\/wp-json\/wp\/v2\/tags?post=5329"}],"curies":[{"name":"wp","href":"https:\/\/api.w.org\/{rel}","templated":true}]}}