{"id":5209,"date":"2024-05-15T16:20:58","date_gmt":"2024-05-15T22:20:58","guid":{"rendered":"https:\/\/zonalimitrofe-cbnr.com\/?p=5209"},"modified":"2024-05-15T16:20:58","modified_gmt":"2024-05-15T22:20:58","slug":"uadec-entrega-facultad-de-artes-plasticas-de-la-uadec-nombramiento-como-decana-a-la-m-c-magdalena-jaime-cepeda","status":"publish","type":"post","link":"https:\/\/zonalimitrofe-cbnr.com\/index.php\/2024\/05\/15\/uadec-entrega-facultad-de-artes-plasticas-de-la-uadec-nombramiento-como-decana-a-la-m-c-magdalena-jaime-cepeda\/","title":{"rendered":"#UAdeC. Entrega Facultad de Artes Pl\u00e1sticas de la UAdeC Nombramiento como Decana a la M.C. Magdalena Jaime Cepeda"},"content":{"rendered":"\n<p>ARTEAGA, Coahuila. 15 de mayo de 2024. La Facultad de Artes Pl\u00e1sticas de la Universidad Aut\u00f3noma de Coahuila, entreg\u00f3 el nombramiento como Decana a la M.C. Magdalena Jaime Cepeda, por su destacada trayectoria acad\u00e9mica y compromiso con la instituci\u00f3n.<\/p>\n\n\n\n<p>La ceremonia se llev\u00f3 a cabo en el Sal\u00f3n Centenario, con la presencia del rector de la m\u00e1xima casa de estudios, Octavio Pimentel Mart\u00ednez, el director de la Facultad de Artes Pl\u00e1sticas, Dar\u00edo D. Aguill\u00f3n Guti\u00e9rrez, funcionariado universitario, alumnos y docentes.<\/p>\n\n\n\n<p>En su mensaje, el Rector destac\u00f3 que Magdalena Jaime Cepeda ha dedicado su vida a la Universidad, demostrando siempre su capacidad para trabajar en equipo, resiliencia y sensibilidad, por lo que dijo es una persona que debe reconocerse y admirarse.<\/p>\n\n\n\n<p>Exhort\u00f3 a los universitarios a seguir el ejemplo de Jaime Cepeda, quien es una gran impulsora del desarrollo de las mujeres y a continuar trabajando juntos para fortalecer a la m\u00e1xima casa de estudios, rescatando la sensibilidad y el humanismo para tener un impacto en la sociedad.<\/p>\n\n\n\n<p>Por su parte, el director de la Facultad de Artes Pl\u00e1sticas, Dar\u00edo D. Aguill\u00f3n Guti\u00e9rrez, coment\u00f3 que la Facultad de Artes Pl\u00e1sticas cuenta con grandes maestros que han dejado un legado, uno de ellos, Magdalena Jaime Cepeda, quien ha sido una parte fundamental en el crecimiento y desarrollo del plantel.<\/p>\n\n\n\n<p>Enfatiz\u00f3 que Jaime Cepeda ha hecho una ardua labor para promover la investigaci\u00f3n en la Facultad, as\u00ed como, las certificaciones, acreditaciones y reformas curriculares, por lo que gracias a ello hoy se tiene una planta docente s\u00f3lida y preparada.<\/p>\n\n\n\n<p>Mientras que, la Decana Magdalena Jaime Cepeda, dijo que recibir este nombramiento la llena de orgullo y satisfacci\u00f3n, lo que la impulsa a continuar dando lo mejor de ella a la Facultad de Artes Pl\u00e1sticas, a la Universidad Aut\u00f3noma de Coahuila y a sus alumnos, agradeci\u00f3 a su familia por ser siempre un apoyo en su carrera y motivarla a seguir creciendo.<\/p>\n\n\n\n<p>Magdalena Jaime Cepeda es Licenciada en Ciencias de la Comunicaci\u00f3n y Maestra en Comunicaci\u00f3n por la UAdeC, adem\u00e1s, es Especialista en G\u00e9nero y Educaci\u00f3n por la Universidad Pedag\u00f3gica Nacional, Campus Saltillo y est\u00e1 certificada en la<\/p>\n\n\n\n<p>Competencia Laboral en el Est\u00e1ndar ECO076 y EC0779 Transversalizaci\u00f3n de la perspectiva de g\u00e9nero en la administraci\u00f3n p\u00fablica municipal.<\/p>\n\n\n\n<p>Su labor dentro de la Universidad comenz\u00f3 en la Escuela de Bachilleres Mariano Narv\u00e1ez, hoy Preparatoria N\u00famero Uno, en donde fue encargada del Departamento de Apoyos Estudiantiles e inici\u00f3 su trabajo como docente, mismo que llev\u00f3 a cabo simult\u00e1neamente en la Facultad de Artes Pl\u00e1sticas y la UANE.<\/p>\n\n\n\n<p>En 2009 fue la primera Jefa del Departamento de Asuntos Acad\u00e9micos de la Coordinaci\u00f3n de la Unidad Saltillo y encabez\u00f3 el programa de Salud Preventiva Universitaria, as\u00ed como, proyectos culturales y de extensi\u00f3n, siendo jefa del Departamento de Difusi\u00f3n Cultural y Extensi\u00f3n Universitaria en 2012.<\/p>\n\n\n\n<p>Fue directora de la Facultad de Artes Pl\u00e1sticas de 2014 a 2017, en donde actualmente se desempe\u00f1a como profesora perfil PRODEP y es Miembro del Cuerpo Acad\u00e9mico \u201cExpresi\u00f3n Visual\u201d en el que trabaja las L\u00edneas de Investigaci\u00f3n: Arte y Violencia, Imagen, Comunicaci\u00f3n y Cultura.<\/p>\n\n\n\n<p>De 2017 a 2019 fue responsable del Programa Universitario de Equidad de G\u00e9nero y de 2019 a 2024 fue Coordinadora de Igualdad de G\u00e9nero de la UAdeC; en la docencia actualmente es titular de las materias de Teor\u00eda y Herramientas de la Comunicaci\u00f3n, Taller de Investigaci\u00f3n y Producci\u00f3n en Dise\u00f1o y Proyecto de Tesis I y II.<\/p>\n","protected":false},"excerpt":{"rendered":"<p>ARTEAGA, Coahuila. 15 de mayo de 2024. La Facultad de Artes Pl\u00e1sticas de la Universidad Aut\u00f3noma de Coahuila, entreg\u00f3 el nombramiento como Decana a la M.C. Magdalena Jaime Cepeda, por su destacada trayectoria acad\u00e9mica y compromiso con la instituci\u00f3n. La ceremonia se llev\u00f3 a cabo en el Sal\u00f3n Centenario, con la presencia del rector de [&hellip;]<\/p>\n","protected":false},"author":1,"featured_media":5210,"comment_status":"open","ping_status":"open","sticky":false,"template":"","format":"standard","meta":{"_monsterinsights_skip_tracking":false,"_monsterinsights_sitenote_active":false,"_monsterinsights_sitenote_note":"","_monsterinsights_sitenote_category":0,"footnotes":""},"categories":[1],"tags":[],"_links":{"self":[{"href":"https:\/\/zonalimitrofe-cbnr.com\/index.php\/wp-json\/wp\/v2\/posts\/5209"}],"collection":[{"href":"https:\/\/zonalimitrofe-cbnr.com\/index.php\/wp-json\/wp\/v2\/posts"}],"about":[{"href":"https:\/\/zonalimitrofe-cbnr.com\/index.php\/wp-json\/wp\/v2\/types\/post"}],"author":[{"embeddable":true,"href":"https:\/\/zonalimitrofe-cbnr.com\/index.php\/wp-json\/wp\/v2\/users\/1"}],"replies":[{"embeddable":true,"href":"https:\/\/zonalimitrofe-cbnr.com\/index.php\/wp-json\/wp\/v2\/comments?post=5209"}],"version-history":[{"count":1,"href":"https:\/\/zonalimitrofe-cbnr.com\/index.php\/wp-json\/wp\/v2\/posts\/5209\/revisions"}],"predecessor-version":[{"id":5211,"href":"https:\/\/zonalimitrofe-cbnr.com\/index.php\/wp-json\/wp\/v2\/posts\/5209\/revisions\/5211"}],"wp:featuredmedia":[{"embeddable":true,"href":"https:\/\/zonalimitrofe-cbnr.com\/index.php\/wp-json\/wp\/v2\/media\/5210"}],"wp:attachment":[{"href":"https:\/\/zonalimitrofe-cbnr.com\/index.php\/wp-json\/wp\/v2\/media?parent=5209"}],"wp:term":[{"taxonomy":"category","embeddable":true,"href":"https:\/\/zonalimitrofe-cbnr.com\/index.php\/wp-json\/wp\/v2\/categories?post=5209"},{"taxonomy":"post_tag","embeddable":true,"href":"https:\/\/zonalimitrofe-cbnr.com\/index.php\/wp-json\/wp\/v2\/tags?post=5209"}],"curies":[{"name":"wp","href":"https:\/\/api.w.org\/{rel}","templated":true}]}}